{"id":7383,"date":"2022-03-10T11:00:00","date_gmt":"2022-03-10T10:00:00","guid":{"rendered":"https:\/\/competence.ch\/?p=7383"},"modified":"2022-03-14T15:58:40","modified_gmt":"2022-03-14T14:58:40","slug":"solidarite-avec-les-hopitaux-ukrainiens","status":"publish","type":"post","link":"https:\/\/competence.ch\/fr\/solidarite-avec-les-hopitaux-ukrainiens\/","title":{"rendered":"Solidarit\u00e9 avec les h\u00f4pitaux ukrainiens"},"content":{"rendered":"\n<p>Pour ce qui concerne les besoins en mat\u00e9riel m\u00e9dical, H+ a relay\u00e9 aupr\u00e8s de ses membres les indications de la Conf\u00e9d\u00e9ration ci-dessous. Par ailleurs, elle centralise les noms et les interlocuteurs des h\u00f4pitaux et cliniques int\u00e9ress\u00e9s \u00e0 nouer un partenariat avec un h\u00f4pital ukrainien ou qui l&rsquo;ont d\u00e9j\u00e0 instaur\u00e9.<\/p>\n\n\n\n<h2 class=\"wp-block-heading\"><strong>Offres de mat\u00e9riel m\u00e9dical<\/strong><\/h2>\n\n\n\n<p>Afin de coordonner les offres de livraison de mat\u00e9riel m\u00e9dical des cantons, des h\u00f4pitaux, de l\u2019industrie et d\u2019autres organismes, le Service sanitaire coordonn\u00e9 (SSC) et la Gestion f\u00e9d\u00e9rale des ressources de la Conf\u00e9d\u00e9ration (ResMaB) ont \u00e9t\u00e9 int\u00e9gr\u00e9s dans la gestion de l\u2019intervention de l\u2019Aide humanitaire de la DDC.<\/p>\n\n\n<details><summary>Les HUG ont mis en place une task force<\/summary><p>Les H\u00f4pitaux universitaires de Gen\u00e8ve (HUG) se mobilisent pour soutenir les populations touch\u00e9es. Ils ont ainsi mis en place une <a href=\"https:\/\/www.hug.ch\/engagement-humanitaire-cooperation-internationale\/task-force-hug-ukraine\">task force<\/a> pour organiser et coordonner les diff\u00e9rentes actions et initiatives en faveur des victimes. Son r\u00f4le est \u00e9galement de faire le lien avec les autorit\u00e9s cantonales, f\u00e9d\u00e9rales et internationales.<\/p>\n<div class=\"region region-content\">\n<div id=\"block-interhug-content\" class=\"block block-system block-system-main-block\">\n<div class=\"clearfix text-formatted field field--name-body field--type-text-with-summary field--label-hidden field__item\">\n<p><strong>Une \u00e9quipe sur le terrain<\/strong><\/p>\n<p>Plus d\u2019un million de personnes ont d\u00e9j\u00e0 quitt\u00e9 le territoire ukrainien pour se rendre dans les \u00c9tats voisins. Afin de r\u00e9pondre \u00e0 leurs besoins en mati\u00e8re de sant\u00e9, le <a href=\"https:\/\/www.hug.ch\/engagement-humanitaire-cooperation-internationale\/pool-hug\">pool d\u2019aide m\u00e9dicale d&rsquo;urgence des HUG<\/a>\u00a0se d\u00e9ploie actuellement sur le terrain. Cette \u00e9quipe multidisciplinaire, compos\u00e9e de membres du personnel m\u00e9dical, param\u00e9dical, administratif ou technique en soins d\u2019urgence intervient lors de catastrophes naturelles ou de crises sanitaires graves, en collaboration avec la\u00a0<a href=\"https:\/\/www.eda.admin.ch\/eda\/fr\/dfae\/dfae\/organisation-dfae\/directions-divisions\/ddc.html\">Direction du d\u00e9veloppement et de la coop\u00e9ration<\/a>\u00a0(DDC).<\/p>\n<p>\u00c0 Gen\u00e8ve, les autorit\u00e9s cantonales s\u2019attendent \u00e0 l\u2019arriv\u00e9e de 15 000 personnes r\u00e9fugi\u00e9es, dont de nombreux enfants. Les HUG sont pr\u00eats, si besoin, \u00e0 les soigner. Elles seront prises en charge par les \u00e9quipes du\u00a0<a href=\"https:\/\/www.hug.ch\/consultation\/programme-sante-migrants\">Programme sant\u00e9 migrants<\/a>\u00a0pour les adultes, et de la\u00a0<a href=\"https:\/\/www.hug.ch\/pediatrie-generale\/consultation-sante-migrants-pediatrie\">consultation sant\u00e9 migrants p\u00e9diatrique<\/a>\u00a0ainsi que de l\u2019<a href=\"https:\/\/www.hug.ch\/sante-jeunes\">Unit\u00e9 sant\u00e9 jeunes<\/a>\u00a0pour les enfants et adolescents. Le canton de Gen\u00e8ve entend par ailleurs prochainement renforcer les effectifs du Programme sant\u00e9 migrants afin d\u2019offrir un soutien psychologique aux victimes du conflit.<\/p>\n<p>Plus d\u2019infos :<\/p>\n<ul>\n<li><a href=\"https:\/\/www.hug.ch\/engagement-humanitaire-cooperation-internationale\/task-force-hug-ukraine\">Task Force HUG Ukraine<\/a><\/li>\n<\/ul>\n<\/div>\n<\/div>\n<\/div>\n<p>&nbsp;<\/p>\n<\/details>\n\n<details><summary>Premi\u00e8re livraison du CHUV <\/summary><p>Sous la houlette du canton de Vaud, le CHUV a pr\u00e9par\u00e9 la semaine derni\u00e8re sa premi\u00e8re livraison de mat\u00e9riel sanitaire d\u2019urgence pour l\u2019Ukraine. Il s\u2019agit notamment de m\u00e9dicaments, de pansements, d\u2019outils chirurgicaux, de mat\u00e9riel st\u00e9rile et de kits de premiers secours, qui repr\u00e9sentent environ 280\u2019000 francs, soit le tiers du montant total pr\u00e9vu d\u2019aide vaudoise, a indiqu\u00e9 \u00e0 Keystone-ATS Pierre-Yves M\u00fcller, directeur de la logistique hospitali\u00e8re au CHUV.<\/p>\n<p>Des m\u00e9dicaments provenant de la pharmacie centrale du Centre hospitalier universitaire vaudois (CHUV) et d\u2019un montant de 40\u2019000 francs devaient partir vendredi en direction de Gen\u00e8ve. Ils seront ensuite envoy\u00e9s dans des h\u00f4pitaux ukrainiens via une plateforme de l\u2019ONU g\u00e9r\u00e9e par un m\u00e9decin suisse, a expliqu\u00e9 M. M\u00fcller. Parall\u00e8lement, 50 des 150 palettes de mat\u00e9riel m\u00e9dical pr\u00e9vues au total ont \u00e9t\u00e9 pr\u00e9par\u00e9es pour \u00eatre envoy\u00e9es \u00e0 l\u2019ambassade d\u2019Ukraine \u00e0 Berne, qui les enverra ensuite sur place par la route, ajoute-t-il.<\/p>\n<\/details>\n\n\n<p>Pour l\u2019heure, les autorit\u00e9s ukrainiennes ont exprim\u00e9 des besoins dans les domaines suivants:<\/p>\n\n\n\n<ul class=\"wp-block-list\"><li>Urgent actuellement: mat\u00e9riel de soins de base, de traumatologie et de soins de br\u00fblures<\/li><li>Trousses de premiers secours<\/li><li>D\u00e9sinfectant<\/li><li>D\u00e9fibrillateurs portables<\/li><li>Tenues de bloc (blouses, gants, masques, etc.)<\/li><li>Venflons<\/li><li>Mat\u00e9riel de suture<\/li><li>Instruments chirurgicaux (pinces, pincettes, scalpels, etc.)<\/li><li>Mat\u00e9riel de pansement<\/li><li>Mat\u00e9riel de traumatologie<\/li><li>Mat\u00e9riel de soins primaires<\/li><li>Ambulances<\/li><li>Fauteuils roulants, b\u00e9quilles<\/li><li>Lits d&rsquo;h\u00f4pitaux<\/li><li>Oxyg\u00e8ne m\u00e9dical<\/li><\/ul>\n\n\n\n<p>Afin de garantir une coordination pr\u00e9cise, le SSC souhaite recevoir les offres \u00e0 l\u2019adresse suivante de la Centrale nationale d\u2019alarme (CENAL): <a href=\"mailto:ch-neoc-n@naz.ch\">ch-neoc-n@naz.ch<\/a><\/p>\n\n\n\n<div class=\"wp-block-image\"><figure class=\"aligncenter size-full is-resized\"><img loading=\"lazy\" decoding=\"async\" src=\"https:\/\/competence.ch\/wp-content\/uploads\/2022\/03\/Spitalzentrum-Biel.jpg\" alt=\"\" class=\"wp-image-7372\" width=\"389\" height=\"518\" srcset=\"https:\/\/competence.ch\/wp-content\/uploads\/2022\/03\/Spitalzentrum-Biel.jpg 480w, https:\/\/competence.ch\/wp-content\/uploads\/2022\/03\/Spitalzentrum-Biel-225x300.jpg 225w\" sizes=\"auto, (max-width: 389px) 100vw, 389px\" \/><figcaption>La tour du Centre hospitalier Bienne a \u00e9t\u00e9 illumin\u00e9e pendant trois nuits aux couleurs de l&rsquo;Ukraine, en signe de solidarit\u00e9 avec le personnel de sant\u00e9 qui doit travailler dans des conditions inimaginables. (Photos: Centre hospitalier Bienne)<\/figcaption><\/figure><\/div>\n\n\n\n<h2 class=\"wp-block-heading\">Int\u00e9ress\u00e9 par un partenariat?<\/h2>\n\n\n\n<p>En plus du mat\u00e9riel m\u00e9dical, des partenariats devraient contribuer \u00e0 renforcer la r\u00e9silience du personnel. L\u2019id\u00e9e consiste \u00e0 ce que des h\u00f4pitaux et des cliniques suisses soutiennent des h\u00f4pitaux partenaires en Ukraine, par exemple sous forme de consultation\/t\u00e9l\u00e9m\u00e9decine, de r\u00e9solution de probl\u00e8mes en commun, de r\u00e9seaux de recherche de fonds, etc.<\/p>\n\n\n\n<p>Les \u00e9tablissements int\u00e9ress\u00e9s ou qui ont d\u00e9j\u00e0 instaur\u00e9 un tel partenariat sont pri\u00e9s de s\u2019adresser au secr\u00e9tariat de direction de H+, qui collecte les noms et les interlocuteurs dans les h\u00f4pitaux et les cliniques&nbsp;: <a href=\"mailto:direktionssekretariat@hplus.ch\">direktionssekretariat@hplus.ch<\/a><\/p>\n\n\n<div class=\"wp-block-buttons is-content-justification-center\">\n<div class=\"wp-block-button is-style-outline\"><a class=\"wp-block-button__link\"\nhref='https:\/\/www.dfae.admin.ch\/eda\/fr\/dfae\/dfae\/aktuell\/news.html\/content\/eda\/fr\/meta\/news\/2022\/3\/1\/87418.html' target='_blank'>\n<svg width=\"24\" height=\"25\" viewBox=\"0 0 24 25\" fill=\"none\" xmlns=\"http:\/\/www.w3.org\/2000\/svg\">\n<path d=\"M10 13.3213C10.4295 13.8954 10.9774 14.3705 11.6066 14.7143C12.2357 15.058 12.9315 15.2624 13.6467 15.3136C14.3618 15.3649 15.0796 15.2617 15.7513 15.0111C16.4231 14.7605 17.0331 14.3684 17.54 13.8613L20.54 10.8613C21.4508 9.9183 21.9548 8.65529 21.9434 7.34431C21.932 6.03333 21.4061 4.77926 20.4791 3.85222C19.5521 2.92518 18.298 2.39934 16.987 2.38795C15.676 2.37655 14.413 2.88053 13.47 3.79132L11.75 5.50132\" stroke=\"#004D90\" stroke-width=\"2\" stroke-linecap=\"round\" stroke-linejoin=\"round\"\/>\n<path d=\"M14.0002 11.3213C13.5707 10.7471 13.0228 10.2721 12.3936 9.92833C11.7645 9.58457 11.0687 9.38015 10.3535 9.32894C9.63841 9.27772 8.92061 9.3809 8.24885 9.63149C7.5771 9.88207 6.96709 10.2742 6.4602 10.7813L3.4602 13.7813C2.54941 14.7243 2.04544 15.9873 2.05683 17.2983C2.06822 18.6093 2.59407 19.8633 3.52111 20.7904C4.44815 21.7174 5.70221 22.2432 7.01319 22.2546C8.32418 22.266 9.58719 21.7621 10.5302 20.8513L12.2402 19.1413\" stroke=\"#004D90\" stroke-width=\"2\" stroke-linecap=\"round\" stroke-linejoin=\"round\"\/>\n<\/svg>En savoir plus sur l&rsquo;aide suisse \u00e0 l&rsquo;Ukraine<\/a><\/div>\n<\/div>\n\n<div class=\"wp-block-buttons is-content-justification-center\">\n<div class=\"wp-block-button is-style-outline\"><a class=\"wp-block-button__link\"\nhref='https:\/\/competence.ch\/?p=7364' target='_blank'>\n<svg width=\"24\" height=\"25\" viewBox=\"0 0 24 25\" fill=\"none\" xmlns=\"http:\/\/www.w3.org\/2000\/svg\">\n<path d=\"M10 13.3213C10.4295 13.8954 10.9774 14.3705 11.6066 14.7143C12.2357 15.058 12.9315 15.2624 13.6467 15.3136C14.3618 15.3649 15.0796 15.2617 15.7513 15.0111C16.4231 14.7605 17.0331 14.3684 17.54 13.8613L20.54 10.8613C21.4508 9.9183 21.9548 8.65529 21.9434 7.34431C21.932 6.03333 21.4061 4.77926 20.4791 3.85222C19.5521 2.92518 18.298 2.39934 16.987 2.38795C15.676 2.37655 14.413 2.88053 13.47 3.79132L11.75 5.50132\" stroke=\"#004D90\" stroke-width=\"2\" stroke-linecap=\"round\" stroke-linejoin=\"round\"\/>\n<path d=\"M14.0002 11.3213C13.5707 10.7471 13.0228 10.2721 12.3936 9.92833C11.7645 9.58457 11.0687 9.38015 10.3535 9.32894C9.63841 9.27772 8.92061 9.3809 8.24885 9.63149C7.5771 9.88207 6.96709 10.2742 6.4602 10.7813L3.4602 13.7813C2.54941 14.7243 2.04544 15.9873 2.05683 17.2983C2.06822 18.6093 2.59407 19.8633 3.52111 20.7904C4.44815 21.7174 5.70221 22.2432 7.01319 22.2546C8.32418 22.266 9.58719 21.7621 10.5302 20.8513L12.2402 19.1413\" stroke=\"#004D90\" stroke-width=\"2\" stroke-linecap=\"round\" stroke-linejoin=\"round\"\/>\n<\/svg>En savoir plus sur le soutien des h\u00f4pitaux al\u00e9maniques<\/a><\/div>\n<\/div>\n\n<div class=\"wp-block-buttons is-content-justification-center\">\n<div class=\"wp-block-button is-style-outline\"><a class=\"wp-block-button__link\"\nhref='https:\/\/www.icn.ch\/fr\/que-faisons-nous\/campagnes\/nursesforpeace' target='_blank'>\n<svg width=\"24\" height=\"25\" viewBox=\"0 0 24 25\" fill=\"none\" xmlns=\"http:\/\/www.w3.org\/2000\/svg\">\n<path d=\"M10 13.3213C10.4295 13.8954 10.9774 14.3705 11.6066 14.7143C12.2357 15.058 12.9315 15.2624 13.6467 15.3136C14.3618 15.3649 15.0796 15.2617 15.7513 15.0111C16.4231 14.7605 17.0331 14.3684 17.54 13.8613L20.54 10.8613C21.4508 9.9183 21.9548 8.65529 21.9434 7.34431C21.932 6.03333 21.4061 4.77926 20.4791 3.85222C19.5521 2.92518 18.298 2.39934 16.987 2.38795C15.676 2.37655 14.413 2.88053 13.47 3.79132L11.75 5.50132\" stroke=\"#004D90\" stroke-width=\"2\" stroke-linecap=\"round\" stroke-linejoin=\"round\"\/>\n<path d=\"M14.0002 11.3213C13.5707 10.7471 13.0228 10.2721 12.3936 9.92833C11.7645 9.58457 11.0687 9.38015 10.3535 9.32894C9.63841 9.27772 8.92061 9.3809 8.24885 9.63149C7.5771 9.88207 6.96709 10.2742 6.4602 10.7813L3.4602 13.7813C2.54941 14.7243 2.04544 15.9873 2.05683 17.2983C2.06822 18.6093 2.59407 19.8633 3.52111 20.7904C4.44815 21.7174 5.70221 22.2432 7.01319 22.2546C8.32418 22.266 9.58719 21.7621 10.5302 20.8513L12.2402 19.1413\" stroke=\"#004D90\" stroke-width=\"2\" stroke-linecap=\"round\" stroke-linejoin=\"round\"\/>\n<\/svg>En savoir plus sur la campagne #NursesforPeace<\/a><\/div>\n<\/div>","protected":false},"excerpt":{"rendered":"<p>Pour ce qui concerne les besoins en mat\u00e9riel m\u00e9dical, H+ a relay\u00e9 aupr\u00e8s de ses membres les indications de la Conf\u00e9d\u00e9ration ci-dessous. Par ailleurs, elle centralise les noms et les interlocuteurs des h\u00f4pitaux et cliniques int\u00e9ress\u00e9s \u00e0 nouer un partenariat avec un h\u00f4pital ukrainien ou qui l&rsquo;ont d\u00e9j\u00e0 instaur\u00e9. Offres de mat\u00e9riel m\u00e9dical Afin de [&hellip;]<\/p>\n","protected":false},"author":3,"featured_media":7376,"comment_status":"closed","ping_status":"open","sticky":false,"template":"","format":"standard","meta":{"_acf_changed":false,"footnotes":""},"categories":[16],"custom_tag":[73],"class_list":["post-7383","post","type-post","status-publish","format-standard","has-post-thumbnail","hentry","category-non-classifiee","tag-dans-les-hopitaux","tag-management-fr","custom_tag-dans-les-hopitaux-fr"],"acf":[],"_links":{"self":[{"href":"https:\/\/competence.ch\/fr\/wp-json\/wp\/v2\/posts\/7383","targetHints":{"allow":["GET"]}}],"collection":[{"href":"https:\/\/competence.ch\/fr\/wp-json\/wp\/v2\/posts"}],"about":[{"href":"https:\/\/competence.ch\/fr\/wp-json\/wp\/v2\/types\/post"}],"author":[{"embeddable":true,"href":"https:\/\/competence.ch\/fr\/wp-json\/wp\/v2\/users\/3"}],"replies":[{"embeddable":true,"href":"https:\/\/competence.ch\/fr\/wp-json\/wp\/v2\/comments?post=7383"}],"version-history":[{"count":0,"href":"https:\/\/competence.ch\/fr\/wp-json\/wp\/v2\/posts\/7383\/revisions"}],"wp:featuredmedia":[{"embeddable":true,"href":"https:\/\/competence.ch\/fr\/wp-json\/wp\/v2\/media\/7376"}],"wp:attachment":[{"href":"https:\/\/competence.ch\/fr\/wp-json\/wp\/v2\/media?parent=7383"}],"wp:term":[{"taxonomy":"category","embeddable":true,"href":"https:\/\/competence.ch\/fr\/wp-json\/wp\/v2\/categories?post=7383"},{"taxonomy":"custom_tag","embeddable":true,"href":"https:\/\/competence.ch\/fr\/wp-json\/wp\/v2\/custom_tag?post=7383"}],"curies":[{"name":"wp","href":"https:\/\/api.w.org\/{rel}","templated":true}]}}