{"id":59449,"date":"2026-09-04T16:08:55","date_gmt":"2026-09-04T14:08:55","guid":{"rendered":"https:\/\/competence.ch\/?p=59449"},"modified":"2026-09-04T16:08:56","modified_gmt":"2026-09-04T14:08:56","slug":"maladies-non-transmissibles-accompagner-en-toute-securite","status":"publish","type":"post","link":"https:\/\/competence.ch\/fr\/maladies-non-transmissibles-accompagner-en-toute-securite\/","title":{"rendered":"Maladies non transmissibles: accompagner en toute s\u00e9curit\u00e9"},"content":{"rendered":"\n<p class=\"wp-block-paragraph\">Cette ann\u00e9e, la <a href=\"https:\/\/patientensicherheit.ch\/fr\/semaine-daction\/\" target=\"_blank\" rel=\"noreferrer noopener\">semaine d\u2019action pour la s\u00e9curit\u00e9 des patient\u00b7e\u00b7s<\/a> aura lieu du 14 au 18 septembre 2026. Avec notre slogan Maladies non transmissibles : accompagner en toute s\u00e9curit\u00e9 nous nous r\u00e9f\u00e9rons au th\u00e8me de l\u2019OMS pour la <a href=\"https:\/\/www.who.int\/news-room\/events\/detail\/2026\/09\/17\/default-calendar\/world-patient-safety-day--17-september-2026---noncommunicable-diseases\" target=\"_blank\" rel=\"noreferrer noopener\">Journ\u00e9e mondiale de la s\u00e9curit\u00e9 des patients <\/a>du 17 septembre: Safe care for noncommunicable diseases, avec le slogan Safe care for life!<\/p>\n\n\n\n<p class=\"wp-block-paragraph\">La question au centre de la semaine est de savoir ce qui constitue un accompagnement professionnel et humain s\u00fbr et complet des personnes atteintes de maladies non transmissibles (MNT; en anglais: non-communicable diseases, NCDs) et de leurs proches par le personnel de sant\u00e9, et comment y parvenir. Toutes les organisations de sant\u00e9 et les professionnel\u00b7le\u00b7s en Suisse sont invit\u00e9\u00b7e\u00b7s \u00e0 participer activement \u00e0 la semaine d\u2019action. <\/p>\n\n\n\n<h2 class=\"wp-block-heading\">Plus d&rsquo;un tiers de la population suisse touch\u00e9e<\/h2>\n\n\n<div class=\"wp-block-image\">\n<figure class=\"alignleft size-large is-resized\"><img loading=\"lazy\" decoding=\"async\" width=\"1024\" height=\"807\" src=\"https:\/\/competence.ch\/wp-content\/uploads\/2026\/09\/Key_Visual_Semaine-daction_2026.jpg-1024x807.webp\" alt=\"\" class=\"wp-image-59450\" style=\"aspect-ratio:1.268912415784408;width:314px;height:auto\" srcset=\"https:\/\/competence.ch\/wp-content\/uploads\/2026\/09\/Key_Visual_Semaine-daction_2026.jpg-1024x807.webp 1024w, https:\/\/competence.ch\/wp-content\/uploads\/2026\/09\/Key_Visual_Semaine-daction_2026.jpg-300x236.webp 300w, https:\/\/competence.ch\/wp-content\/uploads\/2026\/09\/Key_Visual_Semaine-daction_2026.jpg-768x605.webp 768w, https:\/\/competence.ch\/wp-content\/uploads\/2026\/09\/Key_Visual_Semaine-daction_2026.jpg.webp 1398w\" sizes=\"auto, (max-width: 1024px) 100vw, 1024px\" \/><\/figure>\n<\/div>\n\n\n<p class=\"wp-block-paragraph\">Les maladies non transmissibles, telles que le cancer, les maladies cardio-vasculaires ou les maladies psychiques, ne sont pas contagieuses ou transmissibles d\u2019une personne \u00e0 l\u2019autre, se d\u00e9veloppent lentement et persistent longtemps. En 2022, plus d\u2019un tiers de la population suisse \u00e9tait touch\u00e9e par au moins une des cinq maladies non transmissibles les plus fr\u00e9quentes. Elles sont \u00e9galement la principale cause de d\u00e9c\u00e8s : plus de 80 % des d\u00e9c\u00e8s annuels sont dus \u00e0 des maladies non transmissibles. (Source : OFSP, enqu\u00eate quinquennale, enqu\u00eate actuelle de 2022)<\/p>\n\n\n\n<p class=\"wp-block-paragraph\">Les patient\u00b7e\u00b7s atteint\u00b7e\u00b7s de MNT n\u00e9cessitent des traitements longs, complexes et r\u00e9currents. Par cons\u00e9quent, ils peuvent \u00eatre touch\u00e9s plus fortement et plus fr\u00e9quemment par des risques de s\u00e9curit\u00e9 pendant le d\u00e9roulement du traitement. Un bon accompagnement, s\u00fbr et global, tant d\u2019un point de vue professionnel qu\u2019humain, est donc particuli\u00e8rement important pour eux. Pour traiter ce vaste th\u00e8me de mani\u00e8re concr\u00e8te, nous mettrons l\u2019accent sur des aspects s\u00e9lectionn\u00e9s, tels que la prise en charge \u00e0 long terme, le soutien \u00e0 l\u2019autogestion des patient\u00b7e\u00b7s et de leurs proches, la polym\u00e9dication, l\u2019int\u00e9gration de l\u2019exp\u00e9rience pratique des patient\u00b7e\u00b7s.<\/p>\n\n\n\n<h2 class=\"wp-block-heading\">Les objectifs de la semaine d&rsquo;action<\/h2>\n\n\n\n<p class=\"wp-block-paragraph\">La semaine d\u2019action pour la s\u00e9curit\u00e9 des patient\u00b7e\u00b7s est une campagne nationale de sensibilisation qui a lieu chaque ann\u00e9e durant la semaine de la Journ\u00e9e mondiale de la s\u00e9curit\u00e9 des patients, le 17 septembre. L\u2019objectif de cette semaine d\u2019action est d\u2019accro\u00eetre la visibilit\u00e9 du th\u00e8me de la s\u00e9curit\u00e9 des patient\u00b7e\u00b7s en g\u00e9n\u00e9ral ainsi que du th\u00e8me annuel sp\u00e9cifique. Pour cela, diverses opportunit\u00e9s de participation, des informations pratiques, des outils et des \u00e9v\u00e9nements sont propos\u00e9s \u00e0 tous les secteurs et professions du domaine de la sant\u00e9. De plus, l\u2019interaction partenariale entre les professionnel\u00b7le\u00b7s de la sant\u00e9, les patient\u00b7e\u00b7s et leurs proches est renforc\u00e9e. Parall\u00e8lement, des actions de visibilit\u00e9 en orange \u2013 la couleur de la s\u00e9curit\u00e9 des patient\u00b7e\u00b7s \u2013 sont organis\u00e9es dans toute la Suisse.<\/p>\n\n\n<p class=\"text_small\">Photo de titre: S\u00e9curit\u00e9 des patient\u00b7e\u00b7s<\/p>","protected":false},"excerpt":{"rendered":"<p>Cette ann\u00e9e, la semaine d\u2019action pour la s\u00e9curit\u00e9 des patient\u00b7e\u00b7s aura lieu du 14 au 18 septembre 2026. Avec notre slogan Maladies non transmissibles : accompagner en toute s\u00e9curit\u00e9 nous nous r\u00e9f\u00e9rons au th\u00e8me de l\u2019OMS pour la Journ\u00e9e mondiale de la s\u00e9curit\u00e9 des patients du 17 septembre: Safe care for noncommunicable diseases, avec le [&hellip;]<\/p>\n","protected":false},"author":8,"featured_media":59440,"comment_status":"closed","ping_status":"closed","sticky":false,"template":"","format":"standard","meta":{"_acf_changed":false,"footnotes":""},"categories":[28],"custom_tag":[76],"class_list":["post-59449","post","type-post","status-publish","format-standard","has-post-thumbnail","hentry","category-actualites","custom_tag-qualite-fr"],"acf":[],"_links":{"self":[{"href":"https:\/\/competence.ch\/fr\/wp-json\/wp\/v2\/posts\/59449","targetHints":{"allow":["GET"]}}],"collection":[{"href":"https:\/\/competence.ch\/fr\/wp-json\/wp\/v2\/posts"}],"about":[{"href":"https:\/\/competence.ch\/fr\/wp-json\/wp\/v2\/types\/post"}],"author":[{"embeddable":true,"href":"https:\/\/competence.ch\/fr\/wp-json\/wp\/v2\/users\/8"}],"replies":[{"embeddable":true,"href":"https:\/\/competence.ch\/fr\/wp-json\/wp\/v2\/comments?post=59449"}],"version-history":[{"count":1,"href":"https:\/\/competence.ch\/fr\/wp-json\/wp\/v2\/posts\/59449\/revisions"}],"predecessor-version":[{"id":59452,"href":"https:\/\/competence.ch\/fr\/wp-json\/wp\/v2\/posts\/59449\/revisions\/59452"}],"wp:featuredmedia":[{"embeddable":true,"href":"https:\/\/competence.ch\/fr\/wp-json\/wp\/v2\/media\/59440"}],"wp:attachment":[{"href":"https:\/\/competence.ch\/fr\/wp-json\/wp\/v2\/media?parent=59449"}],"wp:term":[{"taxonomy":"category","embeddable":true,"href":"https:\/\/competence.ch\/fr\/wp-json\/wp\/v2\/categories?post=59449"},{"taxonomy":"custom_tag","embeddable":true,"href":"https:\/\/competence.ch\/fr\/wp-json\/wp\/v2\/custom_tag?post=59449"}],"curies":[{"name":"wp","href":"https:\/\/api.w.org\/{rel}","templated":true}]}}