{"id":59074,"date":"2026-08-18T09:40:00","date_gmt":"2026-08-18T07:40:00","guid":{"rendered":"https:\/\/competence.ch\/?p=59074"},"modified":"2026-08-17T14:01:40","modified_gmt":"2026-08-17T12:01:40","slug":"des-interventions-precoces-contre-les-troubles-psychiques","status":"publish","type":"post","link":"https:\/\/competence.ch\/fr\/des-interventions-precoces-contre-les-troubles-psychiques\/","title":{"rendered":"Des interventions pr\u00e9coces contre les troubles psychiques"},"content":{"rendered":"\n<p class=\"wp-block-paragraph\">La Psychiatrie int\u00e9gr\u00e9e Winterthour-Zurich Unterland (ipw) \u00e9largit la prise en charge au sein de son h\u00f4pital de jour: les enfants d\u00e8s dix ans peuvent d\u00e9sormais b\u00e9n\u00e9ficier d\u2019un diagnostic et d\u2019un traitement pr\u00e9coces afin de pr\u00e9venir l\u2019apparition de troubles psychiques s\u00e9v\u00e8res. Pour le professeur Lars W\u00f6ckel, des interventions pr\u00e9coces renfor\u00e7ant les comp\u00e9tences sociales et \u00e9motionnelles permettent d\u2019\u00e9viter la chronicisation des maladies mentales. Les motifs les plus fr\u00e9quents sont les sympt\u00f4mes d\u00e9pressifs, l\u2019anxi\u00e9t\u00e9, les difficult\u00e9s scolaires et les troubles de l\u2019attention.<\/p>\n\n\n<div class=\"wp-block-image\">\n<figure class=\"alignright size-large is-resized\"><img loading=\"lazy\" decoding=\"async\" width=\"683\" height=\"1024\" src=\"https:\/\/competence.ch\/wp-content\/uploads\/2026\/08\/Lars-Woeckel-1-683x1024.jpg\" alt=\"\" class=\"wp-image-59054\" style=\"aspect-ratio:0.6670074618894297;width:295px;height:auto\" srcset=\"https:\/\/competence.ch\/wp-content\/uploads\/2026\/08\/Lars-Woeckel-1-683x1024.jpg 683w, https:\/\/competence.ch\/wp-content\/uploads\/2026\/08\/Lars-Woeckel-1-200x300.jpg 200w, https:\/\/competence.ch\/wp-content\/uploads\/2026\/08\/Lars-Woeckel-1-768x1152.jpg 768w, https:\/\/competence.ch\/wp-content\/uploads\/2026\/08\/Lars-Woeckel-1-1024x1536.jpg 1024w, https:\/\/competence.ch\/wp-content\/uploads\/2026\/08\/Lars-Woeckel-1-1365x2048.jpg 1365w, https:\/\/competence.ch\/wp-content\/uploads\/2026\/08\/Lars-Woeckel-1-scaled.jpg 1707w\" sizes=\"auto, (max-width: 683px) 100vw, 683px\" \/><figcaption class=\"wp-element-caption\">PD Dr Lars W\u00f6ckel, m\u00e9decin-chef du service de psychiatrie pour enfants, adolescents et jeunes adultes \u00e0 l&rsquo;ipw (Photo : DR)<\/figcaption><\/figure>\n<\/div>\n\n\n<p class=\"wp-block-paragraph\">Une \u00e9quipe interdisciplinaire propose un cadre structur\u00e9, compl\u00e9t\u00e9 par une \u00e9cole int\u00e9gr\u00e9e, tout en pr\u00e9parant le retour dans l\u2019\u00e9tablissement d\u2019origine en \u00e9troite collaboration avec les parents, l\u2019\u00e9cole et les professionnel\u00b7le\u00b7s adressant les patient\u00b7e\u00b7s. L\u2019objectif est d\u2019am\u00e9liorer la gestion des sympt\u00f4mes et de renforcer les comp\u00e9tences du quotidien.<\/p>\n\n\n<h2 class=\"highlight\">\nAu-del\u00e0 des situations de crise, l\u2019ipw assure un accompagnement \u00e0 long terme, avec des objectifs th\u00e9rapeutiques individualis\u00e9s, des discussions de cas r\u00e9guli\u00e8res et l\u2019implication active des proches. <\/h2>\n\n\n<p class=\"wp-block-paragraph\">Le financement demeure toutefois un d\u00e9fi, les prestations ambulatoires et de jour restant insuffisamment financ\u00e9es \u00e0 ce jour.<\/p>\n\n\n<div class=\"wp-block-buttons is-content-justification-center\">\n<div class=\"wp-block-button is-style-outline\"><a class=\"wp-block-button__link\"\nhref='https:\/\/competence.ch\/fruehe-interventionen-schuetzen-vor-psychischen-stoerungen\/' target='_blank'>\n<svg width=\"24\" height=\"25\" viewBox=\"0 0 24 25\" fill=\"none\" xmlns=\"http:\/\/www.w3.org\/2000\/svg\">\n<path d=\"M10 13.3213C10.4295 13.8954 10.9774 14.3705 11.6066 14.7143C12.2357 15.058 12.9315 15.2624 13.6467 15.3136C14.3618 15.3649 15.0796 15.2617 15.7513 15.0111C16.4231 14.7605 17.0331 14.3684 17.54 13.8613L20.54 10.8613C21.4508 9.9183 21.9548 8.65529 21.9434 7.34431C21.932 6.03333 21.4061 4.77926 20.4791 3.85222C19.5521 2.92518 18.298 2.39934 16.987 2.38795C15.676 2.37655 14.413 2.88053 13.47 3.79132L11.75 5.50132\" stroke=\"#004D90\" stroke-width=\"2\" stroke-linecap=\"round\" stroke-linejoin=\"round\"\/>\n<path d=\"M14.0002 11.3213C13.5707 10.7471 13.0228 10.2721 12.3936 9.92833C11.7645 9.58457 11.0687 9.38015 10.3535 9.32894C9.63841 9.27772 8.92061 9.3809 8.24885 9.63149C7.5771 9.88207 6.96709 10.2742 6.4602 10.7813L3.4602 13.7813C2.54941 14.7243 2.04544 15.9873 2.05683 17.2983C2.06822 18.6093 2.59407 19.8633 3.52111 20.7904C4.44815 21.7174 5.70221 22.2432 7.01319 22.2546C8.32418 22.266 9.58719 21.7621 10.5302 20.8513L12.2402 19.1413\" stroke=\"#004D90\" stroke-width=\"2\" stroke-linecap=\"round\" stroke-linejoin=\"round\"\/>\n<\/svg>L&rsquo;article complet (en allemand)<\/a><\/div>\n<\/div>\n\n<p class=\"text_small\">Photo de titre: XXX<\/p>","protected":false},"excerpt":{"rendered":"<p>La Psychiatrie int\u00e9gr\u00e9e Winterthour-Zurich Unterland (ipw) \u00e9largit la prise en charge au sein de son h\u00f4pital de jour: les enfants d\u00e8s dix ans peuvent d\u00e9sormais b\u00e9n\u00e9ficier d\u2019un diagnostic et d\u2019un traitement pr\u00e9coces afin de pr\u00e9venir l\u2019apparition de troubles psychiques s\u00e9v\u00e8res. Pour le professeur Lars W\u00f6ckel, des interventions pr\u00e9coces renfor\u00e7ant les comp\u00e9tences sociales et \u00e9motionnelles permettent [&hellip;]<\/p>\n","protected":false},"author":8,"featured_media":0,"comment_status":"closed","ping_status":"closed","sticky":false,"template":"","format":"standard","meta":{"_acf_changed":false,"footnotes":""},"categories":[16],"custom_tag":[81],"class_list":["post-59074","post","type-post","status-publish","format-standard","hentry","category-non-classifiee","custom_tag-prestations-fr"],"acf":[],"_links":{"self":[{"href":"https:\/\/competence.ch\/fr\/wp-json\/wp\/v2\/posts\/59074","targetHints":{"allow":["GET"]}}],"collection":[{"href":"https:\/\/competence.ch\/fr\/wp-json\/wp\/v2\/posts"}],"about":[{"href":"https:\/\/competence.ch\/fr\/wp-json\/wp\/v2\/types\/post"}],"author":[{"embeddable":true,"href":"https:\/\/competence.ch\/fr\/wp-json\/wp\/v2\/users\/8"}],"replies":[{"embeddable":true,"href":"https:\/\/competence.ch\/fr\/wp-json\/wp\/v2\/comments?post=59074"}],"version-history":[{"count":1,"href":"https:\/\/competence.ch\/fr\/wp-json\/wp\/v2\/posts\/59074\/revisions"}],"predecessor-version":[{"id":59075,"href":"https:\/\/competence.ch\/fr\/wp-json\/wp\/v2\/posts\/59074\/revisions\/59075"}],"wp:attachment":[{"href":"https:\/\/competence.ch\/fr\/wp-json\/wp\/v2\/media?parent=59074"}],"wp:term":[{"taxonomy":"category","embeddable":true,"href":"https:\/\/competence.ch\/fr\/wp-json\/wp\/v2\/categories?post=59074"},{"taxonomy":"custom_tag","embeddable":true,"href":"https:\/\/competence.ch\/fr\/wp-json\/wp\/v2\/custom_tag?post=59074"}],"curies":[{"name":"wp","href":"https:\/\/api.w.org\/{rel}","templated":true}]}}