{"id":56733,"date":"2026-04-30T13:38:54","date_gmt":"2026-04-30T11:38:54","guid":{"rendered":"https:\/\/competence.ch\/?p=56733"},"modified":"2026-04-30T13:38:55","modified_gmt":"2026-04-30T11:38:55","slug":"initiative-sur-les-soins-infirmiers-h-salue-le-financement-mais-ne-veut-pas-de-prescriptions-plus-rigides","status":"publish","type":"post","link":"https:\/\/competence.ch\/fr\/initiative-sur-les-soins-infirmiers-h-salue-le-financement-mais-ne-veut-pas-de-prescriptions-plus-rigides\/","title":{"rendered":"Initiative sur les soins infirmiers: H+ salue le financement, mais ne veut pas de prescriptions plus rigides"},"content":{"rendered":"\n<p>H+ est favorable \u00e0 l\u2019am\u00e9lioration des conditions de travail dans les soins infirmiers. Un cadre favorable est d\u00e9cisif pour fid\u00e9liser le personnel qualifi\u00e9, pour stabiliser les \u00e9quipes et pour garantir \u00e0 long terme les soins aux patientes et aux patients. Il faut n\u00e9anmoins que les mesures choisies soient efficaces et r\u00e9alisables au quotidien.<\/p>\n\n\n\n<h3 class=\"wp-block-heading\">La solution du financement par les tarifs est capitale<\/h3>\n\n\n\n<p>H+ approuve la d\u00e9cision du Conseil national de financer les co\u00fbts suppl\u00e9mentaires via les tarifs, moyennant une r\u00e9glementation transitoire. Ce principe est essentiel pour que les am\u00e9liorations ne se fassent pas au d\u00e9triment des soins eux-m\u00eames.<\/p>\n\n\n\n<blockquote class=\"wp-block-quote is-layout-flow wp-block-quote-is-layout-flow\">\n<p>Qui veut m\u00e9nager de meilleures conditions de travail doit en garantir le financement. C\u2019est la condition pour que les mesures puissent \u00eatre concr\u00e9tis\u00e9es sans pression financi\u00e8re suppl\u00e9mentaire sur les h\u00f4pitaux.<\/p>\n<cite>Anne-Genevi\u00e8ve B\u00fctikofer, directrice de H+<\/cite><\/blockquote>\n\n\n\n<h3 class=\"wp-block-heading\">Les prescriptions rigides sont un risque pour les soins de sant\u00e9<\/h3>\n\n\n\n<p>En revanche, l\u2019association d\u00e9plore certaines autres d\u00e9cisions, en particulier la fixation de suppl\u00e9ments pour le travail du dimanche et pour les interventions hors plan de service dans la loi sur les conditions de travail dans le domaine des soins infirmiers (LCTSI). H+ regrette aussi que des comp\u00e9tences r\u00e9glementaires suppl\u00e9mentaires soient accord\u00e9es au Conseil f\u00e9d\u00e9ral pour les services de permanence et de piquet.<\/p>\n\n\n\n<p>De telles prescriptions rigides ne tiennent pas suffisamment compte des r\u00e9alit\u00e9s tr\u00e8s diff\u00e9rentes v\u00e9cues dans les h\u00f4pitaux et les cliniques. Elles risquent d\u2019entra\u00eener un accroissement de la bureaucratie, une hausse des co\u00fbts et de nouvelles p\u00e9nuries de personnel, ce qui entravera la fourniture des soins aux patients.<\/p>\n\n\n\n<h2 class=\"wp-block-heading\">Le point sur les conventions collectives de travail (CCT)<\/h2>\n\n\n\n<p>H+ porte aussi un regard critique sur l\u2019obligation de n\u00e9gocier des conventions collectives de travail (CCT). Dans la pratique, de bonnes conditions sont le fruit d\u2019un partenariat social qui fonctionne et de solutions flexibles sur le terrain et non de contraintes l\u00e9gislatives. Car une CCT n\u2019est pas appropri\u00e9e dans tous les h\u00f4pitaux et cliniques et ne garantit pas forc\u00e9ment de meilleures conditions de travail. Souvent, les progr\u00e8s en faveur du personnel d\u00e9coulent de la pratique et non de prescriptions l\u00e9gales.<\/p>\n\n\n<h2 class=\"highlight\">\nH+ souligne qu\u2019aujourd\u2019hui d\u00e9j\u00e0 de nombreuses institutions mettent en place activement des am\u00e9liorations. Des exemples montrent que les mod\u00e8les de travail flexibles, une pr\u00e9visibilit\u00e9 accrue et des mesures d\u2019all\u00e9gement cibl\u00e9es font aussi avancer les conditions de travail.<\/h2>\n\n\n<p>Par ailleurs, H+ rejette les prescriptions strictes concernant la dotation en personnel. M\u00eame si les r\u00e9flexions qui la sous-tendent sont compr\u00e9hensibles, cette revendication n\u2019est gu\u00e8re applicable en pratique en raison de la p\u00e9nurie de main-d\u2019\u0153uvre et du manque de financement. Par ailleurs, les besoins en personnel sont dynamiques et d\u00e9pendent de diff\u00e9rents facteurs.<\/p>\n\n\n\n<h3 class=\"wp-block-heading\">Les soins aux patientes et aux patients sont prioritaires<\/h3>\n\n\n\n<p>Pour H+, l\u2019am\u00e9lioration des conditions de travail n\u2019est pas un but en soi. Elle doit contribuer \u00e0 garantir des soins de haute qualit\u00e9. Des \u00e9quipes stables, moins de fluctuations et des conditions de travail solides b\u00e9n\u00e9ficient en d\u00e9finitive aux patient\u2219e\u2219s, gr\u00e2ce \u00e0 l\u2019am\u00e9lioration de la continuit\u00e9, de la s\u00e9curit\u00e9 et de la qualit\u00e9 au quotidien.<\/p>\n\n\n\n<h3 class=\"wp-block-heading\">La suite des d\u00e9bats sera d\u00e9cisive<\/h3>\n\n\n\n<p>Le Conseil national a franchi une \u00e9tape importante vers le financement des co\u00fbts suppl\u00e9mentaires. Reste \u00e0 savoir si la commission du Conseil des \u00c9tats et sa chambre lui embo\u00eeteront le pas. H+ suivra \u00e9troitement les d\u00e9lib\u00e9rations et continuera de s\u2019engager r\u00e9solument en faveur d\u2019une mise en \u0153uvre de l\u2019initiative sur les soins infirmiers qui soit efficace, adapt\u00e9e \u00e0 la pratique et financi\u00e8rement supportable.<\/p>\n\n\n<p class=\"text_small\">Photo de titre: Salle du conseil national (cr\u00e9dit: Parlamentsdienste)<\/p>\n\n\n<p><\/p>\n","protected":false},"excerpt":{"rendered":"<p>H+ est favorable \u00e0 l\u2019am\u00e9lioration des conditions de travail dans les soins infirmiers. Un cadre favorable est d\u00e9cisif pour fid\u00e9liser le personnel qualifi\u00e9, pour stabiliser les \u00e9quipes et pour garantir \u00e0 long terme les soins aux patientes et aux patients. Il faut n\u00e9anmoins que les mesures choisies soient efficaces et r\u00e9alisables au quotidien. La solution [&hellip;]<\/p>\n","protected":false},"author":8,"featured_media":56707,"comment_status":"closed","ping_status":"closed","sticky":false,"template":"","format":"standard","meta":{"_acf_changed":false,"footnotes":""},"categories":[28],"custom_tag":[75],"class_list":["post-56733","post","type-post","status-publish","format-standard","has-post-thumbnail","hentry","category-actualites","custom_tag-politique-fr"],"acf":[],"_links":{"self":[{"href":"https:\/\/competence.ch\/fr\/wp-json\/wp\/v2\/posts\/56733","targetHints":{"allow":["GET"]}}],"collection":[{"href":"https:\/\/competence.ch\/fr\/wp-json\/wp\/v2\/posts"}],"about":[{"href":"https:\/\/competence.ch\/fr\/wp-json\/wp\/v2\/types\/post"}],"author":[{"embeddable":true,"href":"https:\/\/competence.ch\/fr\/wp-json\/wp\/v2\/users\/8"}],"replies":[{"embeddable":true,"href":"https:\/\/competence.ch\/fr\/wp-json\/wp\/v2\/comments?post=56733"}],"version-history":[{"count":1,"href":"https:\/\/competence.ch\/fr\/wp-json\/wp\/v2\/posts\/56733\/revisions"}],"predecessor-version":[{"id":56734,"href":"https:\/\/competence.ch\/fr\/wp-json\/wp\/v2\/posts\/56733\/revisions\/56734"}],"wp:featuredmedia":[{"embeddable":true,"href":"https:\/\/competence.ch\/fr\/wp-json\/wp\/v2\/media\/56707"}],"wp:attachment":[{"href":"https:\/\/competence.ch\/fr\/wp-json\/wp\/v2\/media?parent=56733"}],"wp:term":[{"taxonomy":"category","embeddable":true,"href":"https:\/\/competence.ch\/fr\/wp-json\/wp\/v2\/categories?post=56733"},{"taxonomy":"custom_tag","embeddable":true,"href":"https:\/\/competence.ch\/fr\/wp-json\/wp\/v2\/custom_tag?post=56733"}],"curies":[{"name":"wp","href":"https:\/\/api.w.org\/{rel}","templated":true}]}}