{"id":55411,"date":"2026-03-01T10:22:57","date_gmt":"2026-03-01T09:22:57","guid":{"rendered":"https:\/\/competence.ch\/?p=55411"},"modified":"2026-03-02T07:44:50","modified_gmt":"2026-03-02T06:44:50","slug":"monica-escher-il-nest-jamais-trop-tot-pour-planifier-ses-soins-de-fin-de-vie","status":"publish","type":"post","link":"https:\/\/competence.ch\/fr\/monica-escher-il-nest-jamais-trop-tot-pour-planifier-ses-soins-de-fin-de-vie\/","title":{"rendered":"Monica Escher: \u00abIl n\u2019est jamais trop t\u00f4t pour planifier ses soins de fin de vie\u00bb"},"content":{"rendered":"\n<p>Monica Escher est \u00e0 la fois m\u00e9decin&nbsp;\u2013 elle d\u00e9tient le titre FMH de sp\u00e9cialiste en m\u00e9decine interne et celui de formation approfondie interdisciplinaire en m\u00e9decine palliative&nbsp;\u2013 et professeure. Elle poss\u00e8de \u00e9galement le titre FMH de sp\u00e9cialiste en pharmacologie et toxicologie cliniques et un MAS (Master of Advanced Studies) en bio\u00e9thique. Elle a \u00e9t\u00e9 vice-pr\u00e9sidente du Conseil d\u2019\u00e9thique clinique des H\u00f4pitaux universitaires de Gen\u00e8ve (HUG) pendant de nombreuses ann\u00e9es. Elle est membre de la Commission cantonale d\u2019\u00e9thique de la recherche et Vice-pr\u00e9sidente du groupe de travail national Projet de soins anticip\u00e9 (GT <a href=\"https:\/\/competence.ch\/fr\/le-prosa-un-outil-pour-renforcer-lautonomie-en-ems\/\" target=\"_blank\" rel=\"noreferrer noopener\">ProSA<\/a>). Sensible \u00e0 cette th\u00e9matique essentielle, la <a href=\"https:\/\/www.tagderkranken.ch\/Accueil.html\" target=\"_blank\" rel=\"noreferrer noopener\">Journ\u00e9e des malades<\/a> a choisi comme th\u00e8me pour son \u00e9dition 2026 \u00abautod\u00e9termin\u00e9s et impliqu\u00e9s\u00bb.<\/p>\n\n\n<div class=\"wp-block-image\">\n<figure class=\"alignright size-large is-resized\"><img loading=\"lazy\" decoding=\"async\" width=\"948\" height=\"1024\" src=\"https:\/\/competence.ch\/wp-content\/uploads\/2026\/03\/Escher-1-948x1024.jpg\" alt=\"\" class=\"wp-image-55432\" style=\"aspect-ratio:0.9257776841513938;width:378px;height:auto\" srcset=\"https:\/\/competence.ch\/wp-content\/uploads\/2026\/03\/Escher-1-948x1024.jpg 948w, https:\/\/competence.ch\/wp-content\/uploads\/2026\/03\/Escher-1-278x300.jpg 278w, https:\/\/competence.ch\/wp-content\/uploads\/2026\/03\/Escher-1-768x829.jpg 768w, https:\/\/competence.ch\/wp-content\/uploads\/2026\/03\/Escher-1-1423x1536.jpg 1423w, https:\/\/competence.ch\/wp-content\/uploads\/2026\/03\/Escher-1-1897x2048.jpg 1897w\" sizes=\"auto, (max-width: 948px) 100vw, 948px\" \/><figcaption class=\"wp-element-caption\">Monica Escher est vice-pr\u00e9sidente du groupe de travail national Projet de soins anticip\u00e9 (GT ProSA).<\/figcaption><\/figure>\n<\/div>\n\n\n<h2 class=\"wp-block-heading\">Madame Escher, avez-vous eu, dans votre carri\u00e8re, un exemple marquant illustrant la n\u00e9cessit\u00e9 pour tout un chacun d\u2019anticiper t\u00f4t, plut\u00f4t qu\u2019en fin de vie, les diff\u00e9rentes options th\u00e9rapeutiques et la mort?<\/h2>\n\n\n\n<p>Oui, j\u2019ai deux exemples en t\u00eate. Le premier est li\u00e9 \u00e0 la premi\u00e8re vague de COVID-19. Beaucoup de gens ont \u00e9t\u00e9 touch\u00e9s: des personnes \u00e2g\u00e9es pour lesquelles le taux de mortalit\u00e9 \u00e9tait \u00e9lev\u00e9, mais aussi des plus jeunes sans ant\u00e9c\u00e9dents m\u00e9dicaux. A l\u2019\u00e9poque, on se demandait: quels traitements appliquer? Jusqu\u2019o\u00f9 faut-il aller? La question s\u2019est pos\u00e9e en particulier pour les personnes en maison de retraite, dont la seule fragilit\u00e9 \u00e9tait celle li\u00e9e \u00e0 l\u2019\u00e2ge.<\/p>\n\n\n\n<p>Si, \u00e0 l\u2019\u00e9poque, nous avions pu largement discuter en amont de la question des soins et disposer d\u2019une documentation claire&nbsp;\u2013 car c\u2019est la cl\u00e9&nbsp;\u2013, cela aurait consid\u00e9rablement simplifi\u00e9 les choses, tant pour le personnel soignant et les m\u00e9decins dans leurs d\u00e9cisions sur l\u2019intensit\u00e9 des traitements que pour les proches. Car lorsque les familles sont associ\u00e9es aux d\u00e9cisions, celles-ci sont mieux comprises et moins lourdement v\u00e9cues.<\/p>\n\n\n<h2 class=\"highlight\">\nDe mon point de vue, ce n\u2019est pas aux professionnel\u2219le\u2219s de prendre de telles d\u00e9cisions \u00ab\u00e0 la place\u00bb des patient\u2219e\u2219s. Nous impliquons donc les proches pour mieux comprendre la personne.<\/h2>\n\n\n<p>Car en situation de crise, les familles sont souvent d\u00e9sempar\u00e9es, ne sachant pas quelle position prendre, faute \u00abd\u2019en avoir parl\u00e9\u00bb. Cette exp\u00e9rience m\u2019a beaucoup marqu\u00e9e.<\/p>\n\n\n\n<p>Le deuxi\u00e8me exemple m\u00e9morable est celui d\u2019un jeune homme d\u2019une trentaine d\u2019ann\u00e9es, accident\u00e9 de la route et dans le coma. Sujet \u00e0 des crises d&rsquo;\u00e9pilepsie r\u00e9currentes, il \u00e9tait impossible de communiquer avec lui. Sa famille, impuissante, \u00e9tait d\u00e9sesp\u00e9r\u00e9e. Entre le point de vue des m\u00e9decins et la r\u00e9alit\u00e9 \u00e9motionnelle des proches, il y avait un ab\u00eeme.<\/p>\n\n\n\n<p>Et rien ne permettait de savoir ce qu\u2019aurait souhait\u00e9 ce jeune homme dans une telle situation, qui \u00e9tait totalement impr\u00e9visible. C\u2019est pr\u00e9cis\u00e9ment dans ce cas de figure que le projet de soins anticip\u00e9 est utile. Non pas pour tout d\u00e9terminer \u00e0 l\u2019avance, mais pour donner une orientation. Sinon, les proches sont souvent \u00e9cartel\u00e9s entre leurs propres souhaits et ce que la\u2219le patient\u2219e aurait voulu. C\u2019est extr\u00eamement difficile.<\/p>\n\n\n\n<div data-wp-context=\"{ &quot;autoclose&quot;: false, &quot;accordionItems&quot;: [] }\" data-wp-interactive=\"core\/accordion\" role=\"group\" class=\"wp-block-accordion is-layout-flow wp-block-accordion-is-layout-flow\">\n<div data-wp-class--is-open=\"state.isOpen\" data-wp-context=\"{ &quot;id&quot;: &quot;accordion-item-1&quot;, &quot;openByDefault&quot;: false }\" data-wp-init=\"callbacks.initAccordionItems\" data-wp-on-window--hashchange=\"callbacks.hashChange\" class=\"wp-block-accordion-item is-layout-flow wp-block-accordion-item-is-layout-flow\">\n<h3 class=\"wp-block-accordion-heading\"><button aria-expanded=\"false\" aria-controls=\"accordion-item-1-panel\" data-wp-bind--aria-expanded=\"state.isOpen\" data-wp-on--click=\"actions.toggle\" data-wp-on--keydown=\"actions.handleKeyDown\" id=\"accordion-item-1\" type=\"button\" class=\"wp-block-accordion-heading__toggle\"><span class=\"wp-block-accordion-heading__toggle-title\">A propos du groupe de travail Projet de soins anticip\u00e9 (GT ProSA)<\/span><span class=\"wp-block-accordion-heading__toggle-icon\" aria-hidden=\"true\">+<\/span><\/button><\/h3>\n\n\n\n<div inert aria-labelledby=\"accordion-item-1\" data-wp-bind--inert=\"!state.isOpen\" id=\"accordion-item-1-panel\" role=\"region\" class=\"wp-block-accordion-panel is-layout-flow wp-block-accordion-panel-is-layout-flow\">\n<p>Le groupe de travail national <strong>Projet de soins anticip\u00e9 <\/strong>(<a href=\"https:\/\/www.bag.admin.ch\/fr\/projet-de-soins-anticipe-prosa\" target=\"_blank\" rel=\"noreferrer noopener\">GT ProSA<\/a>) a \u00e9t\u00e9 cr\u00e9\u00e9 \u00e0 la demande du Conseil f\u00e9d\u00e9ral et est pilot\u00e9 conjointement par l\u2019Office f\u00e9d\u00e9ral de la sant\u00e9 publique et l\u2019Acad\u00e9mie suisse des sciences m\u00e9dicales. Son travail repose sur la feuille de route de mise en \u0153uvre du Projet de soins anticip\u00e9, qui comprend douze recommandations.<\/p>\n\n\n\n<p>Le GT ProSA doit concr\u00e9tiser et mettre en \u0153uvre ces recommandations de mani\u00e8re strat\u00e9gique. Il coordonne des projets nationaux, dont le ProSA dans les EMS, l\u2019information de la population et l\u2019\u00e9laboration d\u2019un formulaire national ProSA d\u2019urgence, et encourage la qualit\u00e9, la clart\u00e9 et la mise en r\u00e9seau.<\/p>\n\n\n\n<p>Ce groupe de travail est interdisciplinaire. Les soins palliatifs sont repr\u00e9sent\u00e9s par des sp\u00e9cialistes reconnus: Prof. Dr Monica Escher, Prof. Dr Steffen Eychm\u00fcller et Corina Wirth, Dr phil. nat. et sci. med., directrice g\u00e9n\u00e9rale palliative.ch apportent le point de vue des soins palliatifs et d\u00e9fendent leurs int\u00e9r\u00eats dans le cadre de ce projet.<\/p>\n<\/div>\n<\/div>\n<\/div>\n\n\n\n<h2 class=\"wp-block-heading\">Nombreux sont ceux qui reconnaissent l\u2019importance de la pr\u00e9voyance, sans pour autant se saisir du sujet imm\u00e9diatement. Selon vos observations, quels sont les principaux freins \u00e0 l\u2019\u00e9vocation du sujet?<\/h2>\n\n\n\n<p>Je vois plusieurs freins. Le premier est tr\u00e8s humain: anticiper les options th\u00e9rapeutiques et la fin de vie suppose de se projeter dans la maladie, l\u2019accident, la limitation des capacit\u00e9s, voire dans le handicap. Nous pr\u00e9f\u00e9rons naturellement les projections positives d\u2019avenir. La sant\u00e9 est une question \u00e9minemment personnelle qui a tendance \u00e0 \u00eatre \u00e9vit\u00e9e: on l\u2019\u00e9lude.<\/p>\n\n\n\n<p>De plus, gr\u00e2ce aux progr\u00e8s de la m\u00e9decine, la fin de vie et la mort&nbsp;\u2013 et la r\u00e9flexion qui va avec&nbsp;\u2013 sont devenues pour beaucoup une exp\u00e9rience et une pr\u00e9occupation rares. Certaines personnes d\u2019\u00e2ge m\u00fbr n\u2019ont gu\u00e8re \u00e9t\u00e9 confront\u00e9es \u00e0 la maladie grave ou au d\u00e9c\u00e8s dans leur entourage, ce qui rend la d\u00e9marche d\u2019autant plus difficile.<\/p>\n\n\n\n<p>On observe un ph\u00e9nom\u00e8ne similaire chez les personnes atteintes de maladies chroniques. Il est \u00e9ventuellement compris que leur \u00e9tat se fragilise, qu\u2019elles ont besoin de plus de m\u00e9dicaments, de plus de contr\u00f4les, mais on se dit: \u00abCe n\u2019est pas encore le moment.\u00bb Or, il arrive un moment o\u00f9 il peut \u00eatre trop tard.<\/p>\n\n\n<h2 class=\"highlight\">\nLe second frein est la communication. Beaucoup n\u2019osent pas aborder le sujet avec leur m\u00e9decin, l\u2019estimant trop occup\u00e9 ou focalis\u00e9 sur le traitement aigu. <\/h2>\n\n\n<p>En famille, il y a \u00e0 la fois la peur d\u2019imposer une charge suppl\u00e9mentaire aux proches et la crainte, pour celles et ceux qui aimeraient aborder le sujet, de se heurter \u00e0 une attitude d\u00e9fensive: \u00abPourquoi penses-tu ainsi? Sois plus positif(ve)!\u00bb Cela emp\u00eache toute discussion.<\/p>\n\n\n\n<p>C\u2019est pourquoi il faut, de mon point de vue, adopter une approche positive, c\u2019est-\u00e0-dire ne pas se contenter d\u2019\u00e9voquer ce dont on ne veut pas, mais se demander aussi ce qui nous importe. Qu\u2019est-ce que la qualit\u00e9 de vie pour moi? Qu\u2019est-ce qui donne un sens \u00e0 ma vie? Et sur le plan pratique, qui parlera en mon nom si je ne peux plus le faire? Quel soutien serait utile? Commencer la discussion ainsi facilite souvent les choses.<\/p>\n\n\n\n\n\t<div class=\"wp-block wp-block-acf-social block-spacing has-content-width\">\n\n\t\t<div class=\"social-media\">\n\t\t\t<iframe loading=\"lazy\" src=\"https:\/\/www.linkedin.com\/embed\/feed\/update\/urn:li:ugcPost:7433790673734250496?collapsed=1\" height=\"567\" width=\"504\" frameborder=\"0\" allowfullscreen=\"\" title=\"Post int\u00e9gr\u00e9\"><\/iframe>\t\t<\/div>\n\n\t<\/div>\n\n\t\n\n\n<h2 class=\"wp-block-heading\">Le projet de soins anticip\u00e9 renforce l\u2019autod\u00e9termination, mais ne se substitue pas aux d\u00e9cisions m\u00e9dicales. Dans quelles situations est-il particuli\u00e8rement utile et o\u00f9 voyez-vous ses limites?<\/h2>\n\n\n\n<p>Rappelons que le projet de soins anticip\u00e9 ne se substitue pas aux d\u00e9cisions m\u00e9dicales. Certains traitements propos\u00e9s peuvent \u00eatre judicieux, d\u2019autres non. L\u2019important, dans le cadre des options th\u00e9rapeutiques envisag\u00e9es, est de conna\u00eetre les valeurs et objectifs de la personne trait\u00e9e. Pour moi, le message cl\u00e9 est le suivant: il n\u2019y a pas de mauvais moment pour se pencher sur la question. Y r\u00e9fl\u00e9chir ne signifie pas que tout doit \u00eatre d\u00e9cid\u00e9 imm\u00e9diatement. Il s\u2019agit avant tout de valeurs: qu\u2019est-ce qui m\u2019importe dans la vie?<\/p>\n\n\n\n<p>Bien s\u00fbr, une approche plus active est judicieuse pour les personnes atteintes d\u2019une maladie \u00e9volutive avec des limitations qui augmentent et des traitements qui se multiplient, et dont l\u2019\u00e9tat peut \u00eatre stabilis\u00e9 mais pas \u00abcontr\u00f4l\u00e9\u00bb au sens de gu\u00e9ri. Il en va de m\u00eame pour les personnes \u00e2g\u00e9es dont la fragilit\u00e9 induit une capacit\u00e9 de r\u00e9cup\u00e9ration r\u00e9duite. A l\u2019apparition de troubles cognitifs, il est important de parler t\u00f4t, quand la personne est encore capable de discuter, car en peu de temps cette capacit\u00e9 peut \u00eatre compromise. Il est alors pr\u00e9cieux d\u2019avoir discut\u00e9 avec elle et consign\u00e9 ses valeurs et souhaits.<\/p>\n\n\n\n<p>La limite, ou plut\u00f4t l\u2019\u00e9l\u00e9ment central du syst\u00e8me, est la transmission des informations. Beaucoup s\u2019interrogent \u00e0 juste titre sur la communication de leur volont\u00e9 \u00e0 l\u2019h\u00f4pital. Le projet de soins anticip\u00e9 exige que les informations soient accessibles aux maisons de retraite, aux h\u00f4pitaux, aux cabinets m\u00e9dicaux, aux services d\u2019aide et de soins \u00e0 domicile, et partout o\u00f9 des d\u00e9cisions sont prises.<\/p>\n\n\n\n<h2 class=\"wp-block-heading\">Le Conseil f\u00e9d\u00e9ral a clairement donn\u00e9 pour mission de promouvoir le projet de soins anticip\u00e9. Comment percevez-vous votre r\u00f4le dans ce projet national et qu\u2019est-ce qui vous motive \u00e0 vous engager \u00e0 long terme?<\/h2>\n\n\n\n<p>L\u2019importance du sujet pour les patient(e)s et pour la qualit\u00e9 des soins est ma premi\u00e8re motivation. Le projet de soins anticip\u00e9 permet d\u2019offrir des traitements adapt\u00e9s: ni \u00abplus\u00bb ni \u00abmoins\u00bb que ce qui correspond aux souhaits de la personne.<\/p>\n\n\n<h2 class=\"highlight\">\nC\u2019est extr\u00eamement important pour les proches. Lorsque les volont\u00e9s de l\u2019int\u00e9ress\u00e9\u2219e sont connues, cela r\u00e9duit le poids de la d\u00e9cision de la famille.<\/h2>\n\n\n<p>Je suis m\u00e9decin. Au quotidien, je vois toutes les possibilit\u00e9s que nous avons et combien de fois nous nous interrogeons sur la pertinence de l\u2019option retenue. Disposer d\u2019informations sur les valeurs de la personne, le sens qu\u2019elle donne \u00e0 la vie, ses objectifs th\u00e9rapeutiques et l\u2019intensit\u00e9 souhait\u00e9e des traitements aide beaucoup les m\u00e9decins et les \u00e9quipes soignantes. Ce sujet a consid\u00e9rablement gagn\u00e9 en importance ces derni\u00e8res ann\u00e9es et m\u00e9rite qu\u2019on s\u2019y int\u00e9resse de pr\u00e8s.<\/p>\n\n\n\n<h2 class=\"wp-block-heading\">Les \u00e9tablissements m\u00e9dico-sociaux jouent un r\u00f4le central dans la mise en \u0153uvre des directives anticip\u00e9es. Pouvez-vous citer un exemple concret qui illustre particuli\u00e8rement bien leur utilit\u00e9?<\/h2>\n\n\n\n<p>Les \u00e9tablissements m\u00e9dico-sociaux sont cl\u00e9s, car ce sont des lieux de vie. Les questions d\u2019hospitalisation et d\u2019intensit\u00e9 du traitement s\u2019y posent tr\u00e8s concr\u00e8tement et souvent. Le personnel conna\u00eet bien les r\u00e9sident\u2219e\u2219s, d\u00e9tecte rapidement les changements et peut accompagner les discussions sur le projet de soins anticip\u00e9 avant qu\u2019une crise aigu\u00eb ne survienne. Lorsque les souhaits sont document\u00e9s et connus de l\u2019\u00e9quipe, et qu\u2019un \u00e9v\u00e9nement impose une prise de d\u00e9cision, celle-ci se fait plus rapidement, plus sereinement et dans l\u2019int\u00e9r\u00eat de la personne.<\/p>\n\n\n\n<h2 class=\"wp-block-heading\">Le projet de soins anticip\u00e9 est-il \u00e9galement pertinent pour les h\u00f4pitaux et les cliniques et, si oui, pourquoi?<\/h2>\n\n\n\n<p>Oui, bien s\u00fbr. D\u2019autant que beaucoup se demandent si leurs souhaits seront pris en compte \u00e0 l&rsquo;h\u00f4pital. Les h\u00f4pitaux, les maisons de retraite, les m\u00e9decins de famille, les services d\u2019aide et de soins \u00e0 domicile&nbsp;\u2013 tous doivent avoir acc\u00e8s aux informations pertinentes le moment venu. C\u2019est pourquoi une transmission fiable est essentielle.<\/p>\n\n\n\n<h2 class=\"wp-block-heading\">Quel r\u00f4le les professionnel\u2219le\u2219s de sant\u00e9 peuvent-ils ou devraient-elles\u2219ils jouer dans le projet de soins anticip\u00e9?<\/h2>\n\n\n\n<p>Leur r\u00f4le est cl\u00e9. Ils accompagnent le processus, conduisent les entretiens avec les patient\u2219e\u2219s et leurs proches, clarifient les valeurs et souhaits des patient\u2219e\u2219s, traduisent les options m\u00e9dicales en termes compr\u00e9hensibles.<\/p>\n\n\n<h2 class=\"highlight\">\nLeurs comp\u00e9tences en communication sont essentielles: \u00e9couter, capter les \u00e9motions, nommer les incertitudes, accepter les ambivalences et aborder les sujets difficiles de mani\u00e8re structur\u00e9e. En parall\u00e8le, elles\u2219ils veillent \u00e0 ce que les souhaits soient consign\u00e9s de mani\u00e8re claire, valid\u00e9s au sein de l\u2019\u00e9quipe et mis en \u0153uvre le moment venu.<\/h2>\n\n\n<h2 class=\"wp-block-heading\">Pour conclure, que diriez-vous \u00e0 une personne qui se dit: \u00abCe sujet est trop difficile pour moi, je ne me sens pas encore pr\u00eat(e)\u00bb?<\/h2>\n\n\n\n<p>Tout d\u2019abord, que c\u2019est tout \u00e0 fait compr\u00e9hensible. Le simple fait d\u2019en parler est d\u00e9j\u00e0 un premier pas. Ensuite, qu\u2019on ne le fait pas seulement pour soi, mais aussi pour ses proches. Et enfin, que c\u2019est un processus. Il n\u2019est pas n\u00e9cessaire de d\u00e9cider de tout d\u2019un coup. Les discussions peuvent commencer, \u00eatre interrompues et reprendre.<\/p>\n\n\n\n<p><em>L\u2019interview a \u00e9t\u00e9 r\u00e9alis\u00e9e par Graziella Spiri (<a href=\"https:\/\/www.palliative.ch\/fr\/\" target=\"_blank\" rel=\"noreferrer noopener\">palliative.ch<\/a>)<\/em><\/p>\n\n\n<div class=\"wp-block-buttons is-content-justification-center\">\n<div class=\"wp-block-button is-style-outline\"><a class=\"wp-block-button__link\"\nhref='https:\/\/www.bag.admin.ch\/fr\/renforcer-la-volonte-du-patient' target='_blank'>\n<svg width=\"24\" height=\"25\" viewBox=\"0 0 24 25\" fill=\"none\" xmlns=\"http:\/\/www.w3.org\/2000\/svg\">\n<path d=\"M10 13.3213C10.4295 13.8954 10.9774 14.3705 11.6066 14.7143C12.2357 15.058 12.9315 15.2624 13.6467 15.3136C14.3618 15.3649 15.0796 15.2617 15.7513 15.0111C16.4231 14.7605 17.0331 14.3684 17.54 13.8613L20.54 10.8613C21.4508 9.9183 21.9548 8.65529 21.9434 7.34431C21.932 6.03333 21.4061 4.77926 20.4791 3.85222C19.5521 2.92518 18.298 2.39934 16.987 2.38795C15.676 2.37655 14.413 2.88053 13.47 3.79132L11.75 5.50132\" stroke=\"#004D90\" stroke-width=\"2\" stroke-linecap=\"round\" stroke-linejoin=\"round\"\/>\n<path d=\"M14.0002 11.3213C13.5707 10.7471 13.0228 10.2721 12.3936 9.92833C11.7645 9.58457 11.0687 9.38015 10.3535 9.32894C9.63841 9.27772 8.92061 9.3809 8.24885 9.63149C7.5771 9.88207 6.96709 10.2742 6.4602 10.7813L3.4602 13.7813C2.54941 14.7243 2.04544 15.9873 2.05683 17.2983C2.06822 18.6093 2.59407 19.8633 3.52111 20.7904C4.44815 21.7174 5.70221 22.2432 7.01319 22.2546C8.32418 22.266 9.58719 21.7621 10.5302 20.8513L12.2402 19.1413\" stroke=\"#004D90\" stroke-width=\"2\" stroke-linecap=\"round\" stroke-linejoin=\"round\"\/>\n<\/svg>OFSP: Renforcer la volont\u00e9 du patient<\/a><\/div>\n<\/div>\n\n<p class=\"text_small\">Photo de titre: via Canva.com<\/p>","protected":false},"excerpt":{"rendered":"<p>Monica Escher est \u00e0 la fois m\u00e9decin&nbsp;\u2013 elle d\u00e9tient le titre FMH de sp\u00e9cialiste en m\u00e9decine interne et celui de formation approfondie interdisciplinaire en m\u00e9decine palliative&nbsp;\u2013 et professeure. Elle poss\u00e8de \u00e9galement le titre FMH de sp\u00e9cialiste en pharmacologie et toxicologie cliniques et un MAS (Master of Advanced Studies) en bio\u00e9thique. Elle a \u00e9t\u00e9 vice-pr\u00e9sidente du [&hellip;]<\/p>\n","protected":false},"author":8,"featured_media":55428,"comment_status":"closed","ping_status":"closed","sticky":false,"template":"","format":"standard","meta":{"_acf_changed":false,"footnotes":""},"categories":[28],"custom_tag":[73],"class_list":["post-55411","post","type-post","status-publish","format-standard","has-post-thumbnail","hentry","category-actualites","custom_tag-dans-les-hopitaux-fr"],"acf":[],"_links":{"self":[{"href":"https:\/\/competence.ch\/fr\/wp-json\/wp\/v2\/posts\/55411","targetHints":{"allow":["GET"]}}],"collection":[{"href":"https:\/\/competence.ch\/fr\/wp-json\/wp\/v2\/posts"}],"about":[{"href":"https:\/\/competence.ch\/fr\/wp-json\/wp\/v2\/types\/post"}],"author":[{"embeddable":true,"href":"https:\/\/competence.ch\/fr\/wp-json\/wp\/v2\/users\/8"}],"replies":[{"embeddable":true,"href":"https:\/\/competence.ch\/fr\/wp-json\/wp\/v2\/comments?post=55411"}],"version-history":[{"count":5,"href":"https:\/\/competence.ch\/fr\/wp-json\/wp\/v2\/posts\/55411\/revisions"}],"predecessor-version":[{"id":55436,"href":"https:\/\/competence.ch\/fr\/wp-json\/wp\/v2\/posts\/55411\/revisions\/55436"}],"wp:featuredmedia":[{"embeddable":true,"href":"https:\/\/competence.ch\/fr\/wp-json\/wp\/v2\/media\/55428"}],"wp:attachment":[{"href":"https:\/\/competence.ch\/fr\/wp-json\/wp\/v2\/media?parent=55411"}],"wp:term":[{"taxonomy":"category","embeddable":true,"href":"https:\/\/competence.ch\/fr\/wp-json\/wp\/v2\/categories?post=55411"},{"taxonomy":"custom_tag","embeddable":true,"href":"https:\/\/competence.ch\/fr\/wp-json\/wp\/v2\/custom_tag?post=55411"}],"curies":[{"name":"wp","href":"https:\/\/api.w.org\/{rel}","templated":true}]}}