{"id":54392,"date":"2026-01-27T14:34:12","date_gmt":"2026-01-27T13:34:12","guid":{"rendered":"https:\/\/competence.ch\/?p=54392"},"modified":"2026-01-27T14:46:44","modified_gmt":"2026-01-27T13:46:44","slug":"taf-rejette-integralement-le-recours-de-la-fmch","status":"publish","type":"post","link":"https:\/\/competence.ch\/fr\/taf-rejette-integralement-le-recours-de-la-fmch\/","title":{"rendered":"TAF rejette int\u00e9gralement le recours de la FMCH"},"content":{"rendered":"\n<p>En d\u00e9cembre 2025, la FMCH a d\u00e9pos\u00e9 aupr\u00e8s du Tribunal administratif f\u00e9d\u00e9ral (TAF) un recours contre certains forfaits ambulatoires du nouveau syst\u00e8me tarifaire global ambulatoire.<br>\u00a0<br>Le TAF a d\u00e9sormais d\u00e9cid\u00e9 de rejeter int\u00e9gralement ces recours. H+ part du principe que la motivation \u00e9crite sera publi\u00e9e dans les prochains jours par l\u2019OFSP et\/ou le TAF.<br>\u00a0<br>Cela signifie que ces recours n\u2019ont pas d\u2019effet suspensif et qu\u2019aucune adaptation \u00e0 court terme du syst\u00e8me tarifaire global ambulatoire n\u2019est n\u00e9cessaire. Le conseil d\u2019administration de l\u2019organisation tarifs m\u00e9dicaux ambulatoires OTMA SA examinera cette d\u00e9cision du TAF lors de la prochaine s\u00e9ance extraordinaire afin d\u2019en discuter et de la mettre en perspective.<\/p>\n\n\n\n<div style=\"height:12px\" aria-hidden=\"true\" class=\"wp-block-spacer\"><\/div>\n\n\n<p class=\"text_small\">Photo de titre: TAF<\/p>\n\n\n<p><\/p>\n","protected":false},"excerpt":{"rendered":"<p>En d\u00e9cembre 2025, la FMCH a d\u00e9pos\u00e9 aupr\u00e8s du Tribunal administratif f\u00e9d\u00e9ral (TAF) un recours contre certains forfaits ambulatoires du nouveau syst\u00e8me tarifaire global ambulatoire.\u00a0Le TAF a d\u00e9sormais d\u00e9cid\u00e9 de rejeter int\u00e9gralement ces recours. H+ part du principe que la motivation \u00e9crite sera publi\u00e9e dans les prochains jours par l\u2019OFSP et\/ou le TAF.\u00a0Cela signifie que [&hellip;]<\/p>\n","protected":false},"author":2,"featured_media":54380,"comment_status":"closed","ping_status":"closed","sticky":false,"template":"","format":"standard","meta":{"_acf_changed":false,"footnotes":""},"categories":[28],"custom_tag":[75],"class_list":["post-54392","post","type-post","status-publish","format-standard","has-post-thumbnail","hentry","category-actualites","custom_tag-politique-fr"],"acf":[],"_links":{"self":[{"href":"https:\/\/competence.ch\/fr\/wp-json\/wp\/v2\/posts\/54392","targetHints":{"allow":["GET"]}}],"collection":[{"href":"https:\/\/competence.ch\/fr\/wp-json\/wp\/v2\/posts"}],"about":[{"href":"https:\/\/competence.ch\/fr\/wp-json\/wp\/v2\/types\/post"}],"author":[{"embeddable":true,"href":"https:\/\/competence.ch\/fr\/wp-json\/wp\/v2\/users\/2"}],"replies":[{"embeddable":true,"href":"https:\/\/competence.ch\/fr\/wp-json\/wp\/v2\/comments?post=54392"}],"version-history":[{"count":10,"href":"https:\/\/competence.ch\/fr\/wp-json\/wp\/v2\/posts\/54392\/revisions"}],"predecessor-version":[{"id":54405,"href":"https:\/\/competence.ch\/fr\/wp-json\/wp\/v2\/posts\/54392\/revisions\/54405"}],"wp:featuredmedia":[{"embeddable":true,"href":"https:\/\/competence.ch\/fr\/wp-json\/wp\/v2\/media\/54380"}],"wp:attachment":[{"href":"https:\/\/competence.ch\/fr\/wp-json\/wp\/v2\/media?parent=54392"}],"wp:term":[{"taxonomy":"category","embeddable":true,"href":"https:\/\/competence.ch\/fr\/wp-json\/wp\/v2\/categories?post=54392"},{"taxonomy":"custom_tag","embeddable":true,"href":"https:\/\/competence.ch\/fr\/wp-json\/wp\/v2\/custom_tag?post=54392"}],"curies":[{"name":"wp","href":"https:\/\/api.w.org\/{rel}","templated":true}]}}