{"id":53924,"date":"2025-12-18T12:15:00","date_gmt":"2025-12-18T11:15:00","guid":{"rendered":"https:\/\/competence.ch\/?p=53924"},"modified":"2025-12-18T11:32:00","modified_gmt":"2025-12-18T10:32:00","slug":"psychotherapie-psychologique-une-etape-cle-vers-une-structure-tarifaire-uniforme","status":"publish","type":"post","link":"https:\/\/competence.ch\/fr\/psychotherapie-psychologique-une-etape-cle-vers-une-structure-tarifaire-uniforme\/","title":{"rendered":"Psychoth\u00e9rapie psychologique: une \u00e9tape cl\u00e9 vers une structure tarifaire uniforme"},"content":{"rendered":"\n<p>Depuis le 1er juillet 2022, les psychologues-psychoth\u00e9rapeutes et leurs organisations peuvent facturer leurs prestations sur prescription m\u00e9dicale \u00e0 l\u2019assurance de base. La structure tarifaire, qui sert de base \u00e0 la facturation avec les assurances-maladie, d\u00e9termine notamment si et dans quelle mesure les diff\u00e9rentes prestations peuvent \u00eatre factur\u00e9es.<\/p>\n\n\n<h2 class=\"highlight\">\nApr\u00e8s plusieurs ann\u00e9es de n\u00e9gociations, les trois associations professionnelles de psychologues (FSP, ASP et SBAP) sont parvenues, en collaboration avec H+ Les H\u00f4pitaux de Suisse, \u00e0 un accord sur une structure tarifaire d\u00e9finitive avec l\u2019association des assureurs-maladie suisses prio.swiss. <\/h2>\n\n\n<p>La structure tarifaire a \u00e9t\u00e9 soumise au Conseil f\u00e9d\u00e9ral pour approbation le 18 d\u00e9cembre 2025, avec une date d\u2019entr\u00e9e en vigueur fix\u00e9e au 1er janvier 2027.<\/p>\n\n\n\n<h2 class=\"wp-block-heading\">Structure tarifaire nationale: une premi\u00e8re en Suisse<\/h2>\n\n\n\n<p>Une fois l\u2019examen termin\u00e9, le Conseil f\u00e9d\u00e9ral pourra approuver la structure tarifaire et la mettre en vigueur. Pour la premi\u00e8re fois, les prestations psychoth\u00e9rapeutiques psychologiques ambulatoires effectu\u00e9es seront ainsi repr\u00e9sent\u00e9es dans une structure tarifaire s\u2019appliquant \u00e0 toute la Suisse pour toutes les assurances et les fournisseurs de prestations.<\/p>\n\n\n\n<p>Le niveau d\u00e9finitif du tarif sera n\u00e9goci\u00e9 s\u00e9par\u00e9ment, au cours des prochains mois, entre les fournisseurs de prestations et les communaut\u00e9s d\u2019achat des assurances (tarifsuisse, HSK et CSS). Les partenaires tarifaires s\u2019engagent avec vigueur dans un esprit de partenariat en faveur de l\u2019introduction rapide d\u2019une convention tarifaire nationale visant \u00e0 harmoniser et \u00e0 renforcer l\u2019offre de soins sur l\u2019ensemble du territoire.<\/p>\n\n\n\n<blockquote class=\"wp-block-quote is-layout-flow wp-block-quote-is-layout-flow\">\n<p>Les h\u00f4pitaux et les cliniques ont justement besoin de tarifs couvrant les co\u00fbts. Gr\u00e2ce \u00e0 la nouvelle structure tarifaire, les assurances et les fournisseurs de prestations ont cr\u00e9\u00e9 les conditions permettant d\u2019assurer une r\u00e9mun\u00e9ration appropri\u00e9e \u00e0 partir du 1.1.2027.<\/p>\n<cite>Anne-Genevi\u00e8ve B\u00fctikofer, directrice de H+<\/cite><\/blockquote>\n\n\n<p class=\"text_small\">Photo de titre: via Canva.com<\/p>","protected":false},"excerpt":{"rendered":"<p>Depuis le 1er juillet 2022, les psychologues-psychoth\u00e9rapeutes et leurs organisations peuvent facturer leurs prestations sur prescription m\u00e9dicale \u00e0 l\u2019assurance de base. La structure tarifaire, qui sert de base \u00e0 la facturation avec les assurances-maladie, d\u00e9termine notamment si et dans quelle mesure les diff\u00e9rentes prestations peuvent \u00eatre factur\u00e9es. La structure tarifaire a \u00e9t\u00e9 soumise au Conseil [&hellip;]<\/p>\n","protected":false},"author":8,"featured_media":53905,"comment_status":"closed","ping_status":"closed","sticky":false,"template":"","format":"standard","meta":{"_acf_changed":false,"footnotes":""},"categories":[28],"custom_tag":[75],"class_list":["post-53924","post","type-post","status-publish","format-standard","has-post-thumbnail","hentry","category-actualites","custom_tag-politique-fr"],"acf":[],"_links":{"self":[{"href":"https:\/\/competence.ch\/fr\/wp-json\/wp\/v2\/posts\/53924","targetHints":{"allow":["GET"]}}],"collection":[{"href":"https:\/\/competence.ch\/fr\/wp-json\/wp\/v2\/posts"}],"about":[{"href":"https:\/\/competence.ch\/fr\/wp-json\/wp\/v2\/types\/post"}],"author":[{"embeddable":true,"href":"https:\/\/competence.ch\/fr\/wp-json\/wp\/v2\/users\/8"}],"replies":[{"embeddable":true,"href":"https:\/\/competence.ch\/fr\/wp-json\/wp\/v2\/comments?post=53924"}],"version-history":[{"count":1,"href":"https:\/\/competence.ch\/fr\/wp-json\/wp\/v2\/posts\/53924\/revisions"}],"predecessor-version":[{"id":53926,"href":"https:\/\/competence.ch\/fr\/wp-json\/wp\/v2\/posts\/53924\/revisions\/53926"}],"wp:featuredmedia":[{"embeddable":true,"href":"https:\/\/competence.ch\/fr\/wp-json\/wp\/v2\/media\/53905"}],"wp:attachment":[{"href":"https:\/\/competence.ch\/fr\/wp-json\/wp\/v2\/media?parent=53924"}],"wp:term":[{"taxonomy":"category","embeddable":true,"href":"https:\/\/competence.ch\/fr\/wp-json\/wp\/v2\/categories?post=53924"},{"taxonomy":"custom_tag","embeddable":true,"href":"https:\/\/competence.ch\/fr\/wp-json\/wp\/v2\/custom_tag?post=53924"}],"curies":[{"name":"wp","href":"https:\/\/api.w.org\/{rel}","templated":true}]}}