{"id":52149,"date":"2025-10-07T09:40:00","date_gmt":"2025-10-07T07:40:00","guid":{"rendered":"https:\/\/competence.ch\/?p=52149"},"modified":"2025-10-03T16:35:22","modified_gmt":"2025-10-03T14:35:22","slug":"former-autrement-accompagner-differemment","status":"publish","type":"post","link":"https:\/\/competence.ch\/fr\/former-autrement-accompagner-differemment\/","title":{"rendered":"HUB InnoSant\u00e9: former autrement, accompagner diff\u00e9remment"},"content":{"rendered":"\n<p>Le syst\u00e8me de sant\u00e9 suisse brille par son excellence hospitali\u00e8re, mais il reste souvent centr\u00e9 sur l\u2019urgence et le traitement des maladies aigu\u00ebs. \u00abLes patient\u00b7e\u00b7s peuvent se sentir perdu\u00b7e\u00b7s, sans accompagnement durable\u00bb, observe Nataly Viens Python, directrice de la Haute \u00e9cole de sant\u00e9 de Fribourg (Heds FR). Le <a href=\"https:\/\/www.heds-fr.ch\/fr\/innovation-et-services\/hub-innosante\/\" target=\"_blank\" rel=\"noreferrer noopener\">HUB InnoSant\u00e9<\/a> est con\u00e7u pour occuper cet espace, pour proposer de la pr\u00e9vention, du soutien et des conseils dans les trajectoires de sant\u00e9. Install\u00e9 au Marly Innovation Center, il se veut un point d\u2019ancrage. Habitant\u00b7e\u00b7s, seniors, travailleurs\u00b7euses ou \u00e9tudiant\u00b7e\u00b7s peuvent venir y r\u00e9aliser un bilan de sant\u00e9, b\u00e9n\u00e9ficier d\u2019un accompagnement personnalis\u00e9 ou d\u2019interventions cibl\u00e9es, pour une contribution de 15 francs. <\/p>\n\n\n\n<blockquote class=\"wp-block-quote is-layout-flow wp-block-quote-is-layout-flow\">\n<p>Nous ne posons pas de diagnostic, nous n\u2019entrons pas dans le suivi \u00e0 long terme. Notre r\u00f4le est d\u2019aider \u00e0 mieux vivre avec une maladie chronique, de soutenir les proches ou encore de renforcer les comportements favorables \u00e0 la sant\u00e9.<\/p>\n<cite>Nataly Viens Python, directrice de la Haute \u00e9cole de sant\u00e9 de Fribourg (Heds FR)<\/cite><\/blockquote>\n\n\n\n<h2 class=\"wp-block-heading\">Un espace clinico-p\u00e9dagogique in\u00e9dit<\/h2>\n\n\n\n<p>Au-del\u00e0 de sa mission aupr\u00e8s de la population, le HUB InnoSant\u00e9 constitue un outil p\u00e9dagogique majeur. Les \u00e9tudiant\u00b7e\u00b7s en soins infirmiers, en ost\u00e9opathie de la Heds FR et en psychologie de la sant\u00e9 de l\u2019Uni FR y effectuent des stages supervis\u00e9s par des enseignant\u00b7e\u00b7s. \u00abCe qui est fabuleux, c\u2019est d\u2019avoir pu am\u00e9nager un lieu qui soit \u00e0 la fois ouvert et accueillant pour la population et p\u00e9dagogique pour les \u00e9tudiant\u00b7e\u00b7s.\u00bb<\/p>\n\n\n\n<figure class=\"wp-block-image size-large\"><img loading=\"lazy\" decoding=\"async\" width=\"1024\" height=\"639\" src=\"https:\/\/competence.ch\/wp-content\/uploads\/2025\/10\/Hub-Inno-Sante-1024x639.jpg\" alt=\"\" class=\"wp-image-52152\" srcset=\"https:\/\/competence.ch\/wp-content\/uploads\/2025\/10\/Hub-Inno-Sante-1024x639.jpg 1024w, https:\/\/competence.ch\/wp-content\/uploads\/2025\/10\/Hub-Inno-Sante-300x187.jpg 300w, https:\/\/competence.ch\/wp-content\/uploads\/2025\/10\/Hub-Inno-Sante-768x479.jpg 768w, https:\/\/competence.ch\/wp-content\/uploads\/2025\/10\/Hub-Inno-Sante.jpg 1037w\" sizes=\"auto, (max-width: 1024px) 100vw, 1024px\" \/><figcaption class=\"wp-element-caption\">L\u2019identit\u00e9 visuelle du HUB InnoSant\u00e9 a \u00e9t\u00e9 r\u00e9alis\u00e9e par une \u00e9tudiante de la Haute \u00e9cole fribourgeoise. (Cr\u00e9dit illustration: Elisa von der Forst)<\/figcaption><\/figure>\n\n\n\n<p>Cette dimension \u00abclinico-p\u00e9dagogique\u00bb permet d\u2019apprendre autrement: en situation r\u00e9elle, au contact des besoins concrets. Les futur\u00b7e\u00b7s professionnel\u00b7le\u00b7s y entra\u00eenent leur capacit\u00e9 \u00e0 \u00e9couter, \u00e0 travailler en r\u00e9seau et \u00e0 collaborer entre disciplines. \u00abNous voulons former des personnes capables d\u2019\u00eatre en premi\u00e8re ligne, d\u2019entendre les besoins de la population, de conna\u00eetre les acteurs\u00b7trices du r\u00e9seau et de travailler avec elles\u00b7eux.\u00bb<\/p>\n\n\n\n<h2 class=\"wp-block-heading\">Inspiration venue du Qu\u00e9bec<\/h2>\n\n\n\n<p>Ce projet, Nataly Viens Python l\u2019a port\u00e9 de longue date. Originaire du Qu\u00e9bec, o\u00f9 les Centres locaux de sant\u00e9 communautaire sont bien implant\u00e9s, elle r\u00eavait de transposer ce mod\u00e8le en Suisse. \u00abJ\u2019ai toujours voulu qu\u2019on puisse impl\u00e9menter les bonnes pratiques d\u00e8s la formation. Enseigner la promotion de la sant\u00e9 dans un auditoire, ce n\u2019est pas du tout la m\u00eame chose que de la vivre avec des patient\u00b7e\u00b7s.\u00bb Pour elle, le HUB incarne un pas d\u00e9cisif vers une v\u00e9ritable culture de sant\u00e9 communautaire en Suisse. <\/p>\n\n\n<h2 class=\"highlight\">\n\u00abNotre mission est d\u2019avoir une activit\u00e9 clinique au service de la population, tout en formant les futur\u00b7es professionnel\u00b7le\u00b7s.\u00bb<\/h2>\n\n\n<h2 class=\"wp-block-heading\">Compl\u00e9mentarit\u00e9, et non concurrence<\/h2>\n\n\n\n<p>Un point central du projet est la compl\u00e9mentarit\u00e9 avec les soignant\u00b7e\u00b7s \u00e9tabli\u00b7e\u00b7s. \u00abNous ne nous substituons \u00e0 personne\u00bb, insiste Nataly Viens Python. \u00abNous formons des \u00e9tudiant\u00b7es en leur offrant la possibilit\u00e9 de faire ce que les autres n\u2019ont pas le temps de r\u00e9aliser: prendre le temps d\u2019analyser l\u2019usage d\u2019un pilulier, de discuter en profondeur des sympt\u00f4mes, de donner des conseils pratiques.\u00bb Les prestations du HUB InnoSant\u00e9 concernent la pr\u00e9vention des maladies chroniques, la psychologie du travail, mais aussi des publics sp\u00e9cifiques en ost\u00e9opathie pour les femmes enceintes, les personnes en post-partum et les enfants. \u00abDurant leur formation, les \u00e9tudiant\u00b7e\u00b7s ost\u00e9opathes ont moins souvent l\u2019occasion de voir ces patient\u00b7e\u00b7s. Nous avons donc souhait\u00e9 renforcer ce type de stage.\u00bb<\/p>\n\n\n\n\n\t<div class=\"wp-block wp-block-acf-social block-spacing has-content-width\">\n\n\t\t<div class=\"social-media\">\n\t\t\t<iframe loading=\"lazy\" src=\"https:\/\/www.linkedin.com\/embed\/feed\/update\/urn:li:ugcPost:7375809420880007169?collapsed=1\" height=\"877\" width=\"504\" frameborder=\"0\" allowfullscreen=\"\" title=\"Post int\u00e9gr\u00e9\"><\/iframe>\t\t<\/div>\n\n\t<\/div>\n\n\t\n\n\n<p>Le HUB ne se limite pas \u00e0 la clinique et \u00e0 la p\u00e9dagogie: il se veut aussi un terrain de recherche appliqu\u00e9e. \u00abEn moyenne, il faut 17 ans pour qu\u2019une innovation clinique en sciences infirmi\u00e8res arrive sur le terrain. C\u2019est \u00e9norme! Ici, nous pouvons exp\u00e9rimenter et impl\u00e9menter plus rapidement.\u00bb En s\u2019appuyant sur des projets de recherche, la Heds FR esp\u00e8re tester de nouvelles pratiques, \u00e9valuer leur impact et acc\u00e9l\u00e9rer leur diffusion. \u00abDans un cadre p\u00e9dagogique, l\u2019impl\u00e9mentation est facilit\u00e9e. Nous avons la chance de pouvoir travailler dans des conditions o\u00f9 ce contexte est clairement identifi\u00e9 par celles et ceux qui consultent.\u00bb<\/p>\n\n\n\n<h2 class=\"wp-block-heading\">Une vision partag\u00e9e<\/h2>\n\n\n\n<p>Avec le HUB InnoSant\u00e9, la Heds FR entend r\u00e9pondre aux d\u00e9fis majeurs du syst\u00e8me de sant\u00e9: vieillissement, maladies chroniques, pr\u00e9vention. Mais au-del\u00e0, c\u2019est une philosophie qui s\u2019incarne: former autrement, en proximit\u00e9, pour mieux servir la population. \u00abC\u2019est un r\u00eave de longue date qui se r\u00e9alise\u00bb, confie Nataly Viens Python. \u00abJ\u2019esp\u00e8re que les h\u00f4pitaux et les cliniques orienteront aussi leurs patient\u00b7e\u00b7s vers le HUB. Nous sommes l\u00e0 pour compl\u00e9ter le r\u00e9seau, pour prendre le temps que les autres n\u2019ont pas.\u00bb<\/p>\n\n\n<p class=\"text_small\">Photo de titre: Nataly Viens-Python, directrice de la Heds Fribourg, s\u2019est inspir\u00e9e de ses origines qu\u00e9b\u00e9coises pour cr\u00e9er ce nouveau lieu de sant\u00e9 communautaire. (Cr\u00e9dit photo: Stemutz_2022)<\/p>","protected":false},"excerpt":{"rendered":"<p>Le syst\u00e8me de sant\u00e9 suisse brille par son excellence hospitali\u00e8re, mais il reste souvent centr\u00e9 sur l\u2019urgence et le traitement des maladies aigu\u00ebs. \u00abLes patient\u00b7e\u00b7s peuvent se sentir perdu\u00b7e\u00b7s, sans accompagnement durable\u00bb, observe Nataly Viens Python, directrice de la Haute \u00e9cole de sant\u00e9 de Fribourg (Heds FR). Le HUB InnoSant\u00e9 est con\u00e7u pour occuper cet [&hellip;]<\/p>\n","protected":false},"author":8,"featured_media":52150,"comment_status":"closed","ping_status":"closed","sticky":false,"template":"","format":"standard","meta":{"_acf_changed":false,"footnotes":""},"categories":[16],"custom_tag":[80],"class_list":["post-52149","post","type-post","status-publish","format-standard","has-post-thumbnail","hentry","category-non-classifiee","custom_tag-formations-fr"],"acf":[],"_links":{"self":[{"href":"https:\/\/competence.ch\/fr\/wp-json\/wp\/v2\/posts\/52149","targetHints":{"allow":["GET"]}}],"collection":[{"href":"https:\/\/competence.ch\/fr\/wp-json\/wp\/v2\/posts"}],"about":[{"href":"https:\/\/competence.ch\/fr\/wp-json\/wp\/v2\/types\/post"}],"author":[{"embeddable":true,"href":"https:\/\/competence.ch\/fr\/wp-json\/wp\/v2\/users\/8"}],"replies":[{"embeddable":true,"href":"https:\/\/competence.ch\/fr\/wp-json\/wp\/v2\/comments?post=52149"}],"version-history":[{"count":2,"href":"https:\/\/competence.ch\/fr\/wp-json\/wp\/v2\/posts\/52149\/revisions"}],"predecessor-version":[{"id":52155,"href":"https:\/\/competence.ch\/fr\/wp-json\/wp\/v2\/posts\/52149\/revisions\/52155"}],"wp:featuredmedia":[{"embeddable":true,"href":"https:\/\/competence.ch\/fr\/wp-json\/wp\/v2\/media\/52150"}],"wp:attachment":[{"href":"https:\/\/competence.ch\/fr\/wp-json\/wp\/v2\/media?parent=52149"}],"wp:term":[{"taxonomy":"category","embeddable":true,"href":"https:\/\/competence.ch\/fr\/wp-json\/wp\/v2\/categories?post=52149"},{"taxonomy":"custom_tag","embeddable":true,"href":"https:\/\/competence.ch\/fr\/wp-json\/wp\/v2\/custom_tag?post=52149"}],"curies":[{"name":"wp","href":"https:\/\/api.w.org\/{rel}","templated":true}]}}