{"id":52145,"date":"2025-10-07T09:42:00","date_gmt":"2025-10-07T07:42:00","guid":{"rendered":"https:\/\/competence.ch\/?p=52145"},"modified":"2025-10-03T16:13:14","modified_gmt":"2025-10-03T14:13:14","slug":"la-formation-commerciale-de-demain-dans-la-sante","status":"publish","type":"post","link":"https:\/\/competence.ch\/fr\/la-formation-commerciale-de-demain-dans-la-sante\/","title":{"rendered":"La formation commerciale de demain dans la sant\u00e9"},"content":{"rendered":"\n<p>La formation commerciale initiale pour la branche \u00absant\u00e9\u00bb a connu une refonte majeure en 2023: l\u2019apprentissage est d\u00e9sormais orient\u00e9 vers les comp\u00e9tences pratiques. L\u2019objectif? Permettre aux apprenti\u00b7e\u00b7s de r\u00e9soudre de mani\u00e8re autonome et ad\u00e9quate les t\u00e2ches du quotidien professionnel, en lien direct avec la r\u00e9alit\u00e9 du terrain. Pour cela, les cours interentreprises et 96 mandats pratiques ont \u00e9t\u00e9 red\u00e9velopp\u00e9s, adapt\u00e9s \u00e0 la diversit\u00e9 des institutions du domaine.<\/p>\n\n\n<h2 class=\"highlight\">\nDeux ans apr\u00e8s, le bilan est positif: entreprises formatrices et enseignant\u00b7e\u00b7s ont relev\u00e9 le d\u00e9fi, ce que confirme la hausse du nombre d\u2019apprenant\u00b7e\u00b7s. <\/h2>\n\n\n<p>En mai 2026, les premiers examens finaux auront lieu selon le nouveau syst\u00e8me. Ils seront compos\u00e9s uniquement d\u2019une \u00e9preuve orale. De nouvelles personnes expertes ont d\u00e9j\u00e0 \u00e9t\u00e9 form\u00e9es pour les \u00e9valuer, renfor\u00e7ant ainsi l\u2019attractivit\u00e9 et la cr\u00e9dibilit\u00e9 de cette fili\u00e8re.<\/p>\n\n\n<div class=\"wp-block-buttons is-content-justification-center\">\n<div class=\"wp-block-button is-style-outline\"><a class=\"wp-block-button__link\"\nhref='https:\/\/competence.ch\/das-kv-der-zukunft-in-der-branche-gesundheit\/' >\n<svg width=\"24\" height=\"25\" viewBox=\"0 0 24 25\" fill=\"none\" xmlns=\"http:\/\/www.w3.org\/2000\/svg\">\n<path d=\"M10 13.3213C10.4295 13.8954 10.9774 14.3705 11.6066 14.7143C12.2357 15.058 12.9315 15.2624 13.6467 15.3136C14.3618 15.3649 15.0796 15.2617 15.7513 15.0111C16.4231 14.7605 17.0331 14.3684 17.54 13.8613L20.54 10.8613C21.4508 9.9183 21.9548 8.65529 21.9434 7.34431C21.932 6.03333 21.4061 4.77926 20.4791 3.85222C19.5521 2.92518 18.298 2.39934 16.987 2.38795C15.676 2.37655 14.413 2.88053 13.47 3.79132L11.75 5.50132\" stroke=\"#004D90\" stroke-width=\"2\" stroke-linecap=\"round\" stroke-linejoin=\"round\"\/>\n<path d=\"M14.0002 11.3213C13.5707 10.7471 13.0228 10.2721 12.3936 9.92833C11.7645 9.58457 11.0687 9.38015 10.3535 9.32894C9.63841 9.27772 8.92061 9.3809 8.24885 9.63149C7.5771 9.88207 6.96709 10.2742 6.4602 10.7813L3.4602 13.7813C2.54941 14.7243 2.04544 15.9873 2.05683 17.2983C2.06822 18.6093 2.59407 19.8633 3.52111 20.7904C4.44815 21.7174 5.70221 22.2432 7.01319 22.2546C8.32418 22.266 9.58719 21.7621 10.5302 20.8513L12.2402 19.1413\" stroke=\"#004D90\" stroke-width=\"2\" stroke-linecap=\"round\" stroke-linejoin=\"round\"\/>\n<\/svg>L&rsquo;article complet (en allemand)<\/a><\/div>\n<\/div>\n\n<p class=\"text_small\">Photo de titre: Cours interentreprises lors d&rsquo;un travail de groupe interactif chez H+ Bildung \u00e0 Aarau (cr\u00e9dit: DR).<\/p>","protected":false},"excerpt":{"rendered":"<p>La formation commerciale initiale pour la branche \u00absant\u00e9\u00bb a connu une refonte majeure en 2023: l\u2019apprentissage est d\u00e9sormais orient\u00e9 vers les comp\u00e9tences pratiques. L\u2019objectif? Permettre aux apprenti\u00b7e\u00b7s de r\u00e9soudre de mani\u00e8re autonome et ad\u00e9quate les t\u00e2ches du quotidien professionnel, en lien direct avec la r\u00e9alit\u00e9 du terrain. Pour cela, les cours interentreprises et 96 mandats [&hellip;]<\/p>\n","protected":false},"author":8,"featured_media":51847,"comment_status":"closed","ping_status":"closed","sticky":false,"template":"","format":"standard","meta":{"_acf_changed":false,"footnotes":""},"categories":[16],"custom_tag":[80],"class_list":["post-52145","post","type-post","status-publish","format-standard","has-post-thumbnail","hentry","category-non-classifiee","custom_tag-formations-fr"],"acf":[],"_links":{"self":[{"href":"https:\/\/competence.ch\/fr\/wp-json\/wp\/v2\/posts\/52145","targetHints":{"allow":["GET"]}}],"collection":[{"href":"https:\/\/competence.ch\/fr\/wp-json\/wp\/v2\/posts"}],"about":[{"href":"https:\/\/competence.ch\/fr\/wp-json\/wp\/v2\/types\/post"}],"author":[{"embeddable":true,"href":"https:\/\/competence.ch\/fr\/wp-json\/wp\/v2\/users\/8"}],"replies":[{"embeddable":true,"href":"https:\/\/competence.ch\/fr\/wp-json\/wp\/v2\/comments?post=52145"}],"version-history":[{"count":2,"href":"https:\/\/competence.ch\/fr\/wp-json\/wp\/v2\/posts\/52145\/revisions"}],"predecessor-version":[{"id":52148,"href":"https:\/\/competence.ch\/fr\/wp-json\/wp\/v2\/posts\/52145\/revisions\/52148"}],"wp:featuredmedia":[{"embeddable":true,"href":"https:\/\/competence.ch\/fr\/wp-json\/wp\/v2\/media\/51847"}],"wp:attachment":[{"href":"https:\/\/competence.ch\/fr\/wp-json\/wp\/v2\/media?parent=52145"}],"wp:term":[{"taxonomy":"category","embeddable":true,"href":"https:\/\/competence.ch\/fr\/wp-json\/wp\/v2\/categories?post=52145"},{"taxonomy":"custom_tag","embeddable":true,"href":"https:\/\/competence.ch\/fr\/wp-json\/wp\/v2\/custom_tag?post=52145"}],"curies":[{"name":"wp","href":"https:\/\/api.w.org\/{rel}","templated":true}]}}