{"id":49831,"date":"2025-06-17T12:40:24","date_gmt":"2025-06-17T10:40:24","guid":{"rendered":"https:\/\/competence.ch\/?p=49831"},"modified":"2025-08-08T09:43:04","modified_gmt":"2025-08-08T07:43:04","slug":"premiere-europeenne-a-lhopital-du-valais-un-bebe-est-ne-apres-transposition-uterine","status":"publish","type":"post","link":"https:\/\/competence.ch\/fr\/premiere-europeenne-a-lhopital-du-valais-un-bebe-est-ne-apres-transposition-uterine\/","title":{"rendered":"Premi\u00e8re europ\u00e9enne \u00e0 l\u2019H\u00f4pital du Valais: un b\u00e9b\u00e9 est n\u00e9 apr\u00e8s transposition ut\u00e9rine"},"content":{"rendered":"\n<p>La<a href=\"https:\/\/blog.hopitalvs.ch\/transposition-uterus\/\" target=\"_blank\" rel=\"noreferrer noopener\"> transposition ut\u00e9rine <\/a>est une proc\u00e9dure chirurgicale innovante qui consiste \u00e0 d\u00e9placer temporairement l\u2019ut\u00e9rus hors du bassin afin de le prot\u00e9ger des effets de la radioth\u00e9rapie. Cette technique s\u2019adresse principalement aux femmes atteintes de cancers pelviens qui souhaitent pr\u00e9server leur fertilit\u00e9.<\/p>\n\n\n<h2 class=\"highlight\">\nDans ce cas, l\u2019ut\u00e9rus ainsi que les trompes et les ovaires ont \u00e9t\u00e9 d\u00e9plac\u00e9s vers le haut de l\u2019abdomen avant le traitement oncologique. <\/h2>\n\n\n<p>Une fois la radioth\u00e9rapie termin\u00e9e, une seconde intervention a permis de replacer les organes g\u00e9nitaux dans le bassin. Moins de deux ans apr\u00e8s cette derni\u00e8re op\u00e9ration, la patiente est tomb\u00e9e enceinte de mani\u00e8re naturelle.<\/p>\n\n\n\n<h2 class=\"wp-block-heading\">Une premi\u00e8re suisse et europ\u00e9enne<\/h2>\n\n\n\n<p>Jusqu\u2019ici, la transposition ut\u00e9rine n\u2019avait jamais men\u00e9 \u00e0 une grossesse et \u00e0 une naissance en Europe. Seuls trois b\u00e9b\u00e9s sont n\u00e9s ainsi en Am\u00e9rique latine. Cette grossesse spontan\u00e9e, rendue possible gr\u00e2ce \u00e0 l\u2019expertise des \u00e9quipes m\u00e9dicales et chirurgicales de l\u2019h\u00f4pital de Sion, ouvre de nouvelles options de pr\u00e9servation de la fertilit\u00e9 chez les jeunes femmes confront\u00e9es \u00e0 un cancer pelvien.<\/p>\n\n\n\n<blockquote class=\"wp-block-quote is-layout-flow wp-block-quote-is-layout-flow\">\n<p>C\u2019est une prouesse \u00e0 la fois m\u00e9dicale et humaine. Ceci est d\u2019autant plus pr\u00e9cieux lorsqu\u2019on constate ces derni\u00e8res ann\u00e9es une augmentation des cancers chez les jeunes, dont les femmes en \u00e2ge de procr\u00e9er. Pour ces patientes, il ne s\u2019agit pas seulement d\u2019optimiser les traitements oncologiques, mais aussi de les aider \u00e0 r\u00e9aliser leur r\u00eave de fonder une famille et d\u2019avoir des enfants.<\/p>\n<cite>Prof. Daniela E. Huber, m\u00e9decin-cheffe de service du P\u00f4le gyn\u00e9co-obst\u00e9trique du CHVR<\/cite><\/blockquote>\n\n\n\n<p>\u00abJusqu\u2019en 2017 quand cette technique chirurgicale a \u00e9t\u00e9 d\u00e9crite pour la premi\u00e8re fois par Dr Reitan Ribeiro, il n\u2019y avait pas d\u2019option de pr\u00e9server l\u2019ut\u00e9rus des dommages induits par la radioth\u00e9rapie, poursuit l&rsquo;experte. Au-del\u00e0 de la chirurgie, c\u2019est l\u2019histoire d\u2019une femme qui a cru en la vie, et d\u2019\u00e9quipes qui ont tout mis en \u0153uvre pour lui permettre de r\u00e9aliser son r\u00eave.\u00bb <\/p>\n\n\n\n<p>\u00abL\u2019annonce du cancer en 2022 a \u00e9t\u00e9 un choc. Mais apprendre que nous ne pourrions sans doute pas avoir d\u2019enfants apr\u00e8s les traitements a \u00e9t\u00e9 encore plus difficile\u00bb, confie Cindy. \u00abPuis la Dre Huber nous a parl\u00e9 d\u2019une solution: la transposition ut\u00e9rine. Nous lui avons fait confiance imm\u00e9diatement. Elle nous a accompagn\u00e9s tout au long du parcours, jusqu\u2019\u00e0 la naissance de notre fils. Tout s\u2019est merveilleusement bien pass\u00e9. L\u2019arriv\u00e9e de Lucien est un v\u00e9ritable miracle dans nos vies\u00bb, se r\u00e9jouit la maman. \u00abC\u2019est gr\u00e2ce \u00e0 la Dre Huber et au Dr Ian Fournier que Lucien est l\u00e0 aujourd\u2019hui\u00bb, ajoute Laurent, son compagnon. Lucien, est n\u00e9 le 13 mai 2025 \u00e0 la maternit\u00e9 de l\u2019h\u00f4pital de Sion. Il se porte \u00e0 merveille tout comme sa maman Cindy, et son papa Laurent en est ravi.<\/p>\n\n\n<p class=\"text_small\">Photo de titre: H\u00f4pital du Valais<\/p>\n\n\n<p><\/p>\n","protected":false},"excerpt":{"rendered":"<p>La transposition ut\u00e9rine est une proc\u00e9dure chirurgicale innovante qui consiste \u00e0 d\u00e9placer temporairement l\u2019ut\u00e9rus hors du bassin afin de le prot\u00e9ger des effets de la radioth\u00e9rapie. Cette technique s\u2019adresse principalement aux femmes atteintes de cancers pelviens qui souhaitent pr\u00e9server leur fertilit\u00e9. Une fois la radioth\u00e9rapie termin\u00e9e, une seconde intervention a permis de replacer les organes [&hellip;]<\/p>\n","protected":false},"author":8,"featured_media":49832,"comment_status":"closed","ping_status":"closed","sticky":false,"template":"","format":"standard","meta":{"_acf_changed":false,"footnotes":""},"categories":[16],"custom_tag":[73],"class_list":["post-49831","post","type-post","status-publish","format-standard","has-post-thumbnail","hentry","category-non-classifiee","custom_tag-dans-les-hopitaux-fr"],"acf":[],"_links":{"self":[{"href":"https:\/\/competence.ch\/fr\/wp-json\/wp\/v2\/posts\/49831","targetHints":{"allow":["GET"]}}],"collection":[{"href":"https:\/\/competence.ch\/fr\/wp-json\/wp\/v2\/posts"}],"about":[{"href":"https:\/\/competence.ch\/fr\/wp-json\/wp\/v2\/types\/post"}],"author":[{"embeddable":true,"href":"https:\/\/competence.ch\/fr\/wp-json\/wp\/v2\/users\/8"}],"replies":[{"embeddable":true,"href":"https:\/\/competence.ch\/fr\/wp-json\/wp\/v2\/comments?post=49831"}],"version-history":[{"count":1,"href":"https:\/\/competence.ch\/fr\/wp-json\/wp\/v2\/posts\/49831\/revisions"}],"predecessor-version":[{"id":49834,"href":"https:\/\/competence.ch\/fr\/wp-json\/wp\/v2\/posts\/49831\/revisions\/49834"}],"wp:featuredmedia":[{"embeddable":true,"href":"https:\/\/competence.ch\/fr\/wp-json\/wp\/v2\/media\/49832"}],"wp:attachment":[{"href":"https:\/\/competence.ch\/fr\/wp-json\/wp\/v2\/media?parent=49831"}],"wp:term":[{"taxonomy":"category","embeddable":true,"href":"https:\/\/competence.ch\/fr\/wp-json\/wp\/v2\/categories?post=49831"},{"taxonomy":"custom_tag","embeddable":true,"href":"https:\/\/competence.ch\/fr\/wp-json\/wp\/v2\/custom_tag?post=49831"}],"curies":[{"name":"wp","href":"https:\/\/api.w.org\/{rel}","templated":true}]}}