{"id":41398,"date":"2024-06-11T09:42:00","date_gmt":"2024-06-11T07:42:00","guid":{"rendered":"https:\/\/competence.ch\/?p=41398"},"modified":"2024-06-11T09:35:18","modified_gmt":"2024-06-11T07:35:18","slug":"nouvelle-formation-de-sage-femme-a-temps-partiel","status":"publish","type":"post","link":"https:\/\/competence.ch\/fr\/nouvelle-formation-de-sage-femme-a-temps-partiel\/","title":{"rendered":"Nouvelle formation de sage-femme \u00e0 temps partiel"},"content":{"rendered":"\n<p>La rentr\u00e9e de septembre 2024 rime avec nouveaut\u00e9 pour la Haute Ecole de Sant\u00e9 Vaud (HESAV). Pour la premi\u00e8re fois, des \u00e9tudiant\u00b7e\u00b7s suivront la <a href=\"https:\/\/hesav.ch\/formation\/sage-femme\/sage-femme-a-temps-partiel\/\">formation de bachelor sage-femme \u00e0 temps partiel<\/a>. \u00abCela fait des ann\u00e9es que nous sommes r\u00e9guli\u00e8rement contact\u00e9es par des infirmi\u00e8res\u00b7ers qui souhaitent savoir si un cursus \u00e0 temps partiel est envisag\u00e9, explique Claire de Labrusse, doyenne de la fili\u00e8re sage-femme et professeure ordinaire. Nous avons des contacts proches avec les h\u00f4pitaux qui relevaient \u00e9galement cette volont\u00e9.\u00bb Ce cursus in\u00e9dit se d\u00e9roule sur quatre ans \u00e0 temps partiel (contre deux ans \u00e0 temps plein).<\/p>\n\n\n<div class=\"wp-block-image\">\n<figure class=\"alignleft size-full is-resized\"><img loading=\"lazy\" decoding=\"async\" width=\"1000\" height=\"1000\" src=\"https:\/\/competence.ch\/wp-content\/uploads\/2024\/06\/Portrait_ClairedeLabrusse.jpg\" alt=\"\" class=\"wp-image-41399\" style=\"width:260px;height:auto\" srcset=\"https:\/\/competence.ch\/wp-content\/uploads\/2024\/06\/Portrait_ClairedeLabrusse.jpg 1000w, https:\/\/competence.ch\/wp-content\/uploads\/2024\/06\/Portrait_ClairedeLabrusse-300x300.jpg 300w, https:\/\/competence.ch\/wp-content\/uploads\/2024\/06\/Portrait_ClairedeLabrusse-150x150.jpg 150w, https:\/\/competence.ch\/wp-content\/uploads\/2024\/06\/Portrait_ClairedeLabrusse-768x768.jpg 768w\" sizes=\"auto, (max-width: 1000px) 100vw, 1000px\" \/><figcaption class=\"wp-element-caption\">\u00ab\u00c0 l\u2019avenir, nous souhaitons aussi pouvoir agrandir nos vol\u00e9es\u00bb, note Claire de Labrusse, doyenne de la fili\u00e8re sage-femme et professeure ordinaire (photo: DR).<\/figcaption><\/figure>\n<\/div>\n\n\n<p>Cette nouveaut\u00e9 s\u2019inscrit dans le cadre d\u2019InvestPro, programme lanc\u00e9 par le canton de Vaud suite \u00e0 l\u2019initiative pour des soins infirmiers forts. Par ce biais, l\u2019\u00c9tat esp\u00e8re pallier la p\u00e9nurie de soignant\u00b7e\u00b7s. \u00ab\u00c0 l\u2019avenir, nous souhaitons aussi pouvoir agrandir nos vol\u00e9es, note l\u2019experte. Mais le nombre d\u2019\u00e9tudiant\u00b7e\u00b7s est corr\u00e9l\u00e9 au nombre de places de stages disponibles sur le terrain. Les h\u00f4pitaux font le maximum avec leurs ressources, mais tous les \u00e9tablissements ont urgemment besoin de nouvelles\u00b7aux dipl\u00f4m\u00e9\u00b7e\u00b7s.\u00bb <\/p>\n\n\n\n<p>Avant de pouvoir d\u00e9buter la formation, les infirmi\u00e8res\u00b7ers doivent passer une \u00e9preuve de r\u00e9gulation. \u00abChaque ann\u00e9e, nous recevons une centaine d\u2019inscriptions: seul\u00b7e\u00b7s 32 \u00e9tudiant\u00b7e\u00b7s sont retenu\u00b7e\u00b7s. Le cursus \u00e0 temps partiel permet d\u2019augmenter cet effectif.\u00bb<\/p>\n\n\n\n<h2 class=\"wp-block-heading\">Enseignement \u00e0 distance les vendredis<\/h2>\n\n\n\n<p>En pratique, la formation \u00e0 temps partiel permettra de travailler \u00e0 environ 50% \u00e0 c\u00f4t\u00e9, en cumulant les jours sans cours et les semaines de vacances. Le vendredi, les enseignements se font pour la plupart \u00e0 distance, pour tous\u00b7tes les \u00e9tudiant\u00b7e\u00b7s. <\/p>\n\n\n<h2 class=\"highlight\">\nLe planning des stages et des apports th\u00e9oriques est connu d\u00e8s le d\u00e9but du cursus, ce qui permet de s\u2019organiser au mieux avec ses activit\u00e9s annexes, qu\u2019elles soient professionnelles ou familiales. <\/h2>\n\n\n<p>\u00abNotre nouveau plan d\u2019\u00e9tude, paru en 2022, projetait d\u00e9j\u00e0 d\u2019offrir davantage de flexibilit\u00e9 dans les parcours acad\u00e9miques, commente Claire de Labrusse. La demande claire des nouvelles\u00b7aux \u00e9tudiant\u00b7e\u00b7s nous a incit\u00e9 \u00e0 franchir le pas. Car souvent, elles et ils travaillent d\u00e9j\u00e0 un certain temps apr\u00e8s la formation d\u2019infirmi\u00e8re\u00b7er et \u00e9conomisent de l\u2019argent avant de d\u00e9buter le bachelor sage-femme. Ce n\u2019est pas toujours \u00e9vident pour elles et eux de mettre un frein \u00e0 leur activit\u00e9 professionnelle durant leurs \u00e9tudes.\u00bb<\/p>\n\n\n\n<h2 class=\"wp-block-heading\">D\u2019autres cursus flexibles en pr\u00e9paration <\/h2>\n\n\n\n<p>Avec cette premi\u00e8re vol\u00e9e, il s\u2019agira d\u00e9sormais de s\u2019assurer que le programme corresponde aux attentes des \u00e9tudiant\u00b7e\u00b7s et que ces derni\u00e8res\u00b7ers puissent r\u00e9pondre aux objectifs demand\u00e9s. Au sein de la HES-SO, des r\u00e9flexions sont \u00e9galement en cours afin d\u2019offrir des cursus plus flexibles pour la fili\u00e8re infirmi\u00e8re, dans le but de faciliter l\u2019accessibilit\u00e9 de la formation.<\/p>\n\n\n<p class=\"text_small\">Photo de titre: via Canva.com<\/p>","protected":false},"excerpt":{"rendered":"<p>La rentr\u00e9e de septembre 2024 rime avec nouveaut\u00e9 pour la Haute Ecole de Sant\u00e9 Vaud (HESAV). Pour la premi\u00e8re fois, des \u00e9tudiant\u00b7e\u00b7s suivront la formation de bachelor sage-femme \u00e0 temps partiel. \u00abCela fait des ann\u00e9es que nous sommes r\u00e9guli\u00e8rement contact\u00e9es par des infirmi\u00e8res\u00b7ers qui souhaitent savoir si un cursus \u00e0 temps partiel est envisag\u00e9, explique [&hellip;]<\/p>\n","protected":false},"author":8,"featured_media":41079,"comment_status":"closed","ping_status":"closed","sticky":false,"template":"","format":"standard","meta":{"_acf_changed":false,"footnotes":""},"categories":[16],"custom_tag":[80],"class_list":["post-41398","post","type-post","status-publish","format-standard","has-post-thumbnail","hentry","category-non-classifiee","custom_tag-formations-fr"],"acf":[],"_links":{"self":[{"href":"https:\/\/competence.ch\/fr\/wp-json\/wp\/v2\/posts\/41398","targetHints":{"allow":["GET"]}}],"collection":[{"href":"https:\/\/competence.ch\/fr\/wp-json\/wp\/v2\/posts"}],"about":[{"href":"https:\/\/competence.ch\/fr\/wp-json\/wp\/v2\/types\/post"}],"author":[{"embeddable":true,"href":"https:\/\/competence.ch\/fr\/wp-json\/wp\/v2\/users\/8"}],"replies":[{"embeddable":true,"href":"https:\/\/competence.ch\/fr\/wp-json\/wp\/v2\/comments?post=41398"}],"version-history":[{"count":0,"href":"https:\/\/competence.ch\/fr\/wp-json\/wp\/v2\/posts\/41398\/revisions"}],"wp:featuredmedia":[{"embeddable":true,"href":"https:\/\/competence.ch\/fr\/wp-json\/wp\/v2\/media\/41079"}],"wp:attachment":[{"href":"https:\/\/competence.ch\/fr\/wp-json\/wp\/v2\/media?parent=41398"}],"wp:term":[{"taxonomy":"category","embeddable":true,"href":"https:\/\/competence.ch\/fr\/wp-json\/wp\/v2\/categories?post=41398"},{"taxonomy":"custom_tag","embeddable":true,"href":"https:\/\/competence.ch\/fr\/wp-json\/wp\/v2\/custom_tag?post=41398"}],"curies":[{"name":"wp","href":"https:\/\/api.w.org\/{rel}","templated":true}]}}