{"id":37653,"date":"2024-02-13T10:18:00","date_gmt":"2024-02-13T09:18:00","guid":{"rendered":"https:\/\/competence.ch\/?p=37653"},"modified":"2024-02-08T12:35:42","modified_gmt":"2024-02-08T11:35:42","slug":"soins-integres-moins-decouts-plus-de-qualite","status":"publish","type":"post","link":"https:\/\/competence.ch\/fr\/soins-integres-moins-decouts-plus-de-qualite\/","title":{"rendered":"Soins int\u00e9gr\u00e9s: moins de co\u00fbts, plus de qualit\u00e9"},"content":{"rendered":"\n<h2 class=\"wp-block-heading\">Qu\u2019est-ce que l\u2019organisation de soins int\u00e9gr\u00e9s du R\u00e9seau de l\u2019Arc?<\/h2>\n\n\n\n<p>Le R\u00e9seau de l\u2019Arc, initiative de Swiss Medical Network, du canton de Berne et de Visana, vise \u00e0 am\u00e9liorer la qualit\u00e9 et la coordination des soins de sant\u00e9 dans la r\u00e9gion de l\u2019Arc Jurassien. Dans une organisation de soins int\u00e9gr\u00e9s, les diff\u00e9rents acteurs du syst\u00e8me de sant\u00e9 travaillent ensemble pour offrir des services adapt\u00e9s aux besoins des patient\u2219e\u2219s. Nous offrons la majorit\u00e9 des prestations m\u00e9dicales aupr\u00e8s d\u2019une seule et m\u00eame organisation de sant\u00e9, des soins de base aux soins et \u00e0 l\u2019hospitalisation \u00e0 domicile, en passant par les prestations hospitali\u00e8res.<\/p>\n\n\n<div class=\"wp-block-image\">\n<figure class=\"alignright size-large is-resized\"><img loading=\"lazy\" decoding=\"async\" width=\"768\" height=\"1024\" src=\"https:\/\/competence.ch\/wp-content\/uploads\/2024\/02\/Portrait_Alexandre_Omont-1-768x1024.jpg\" alt=\"alexandre omont r\u00e9seau de l'arc interview\" class=\"wp-image-37549\" style=\"width:305px;height:auto\" srcset=\"https:\/\/competence.ch\/wp-content\/uploads\/2024\/02\/Portrait_Alexandre_Omont-1-768x1024.jpg 768w, https:\/\/competence.ch\/wp-content\/uploads\/2024\/02\/Portrait_Alexandre_Omont-1-225x300.jpg 225w, https:\/\/competence.ch\/wp-content\/uploads\/2024\/02\/Portrait_Alexandre_Omont-1-1152x1536.jpg 1152w, https:\/\/competence.ch\/wp-content\/uploads\/2024\/02\/Portrait_Alexandre_Omont-1-1536x2048.jpg 1536w, https:\/\/competence.ch\/wp-content\/uploads\/2024\/02\/Portrait_Alexandre_Omont-1-scaled.jpg 1920w\" sizes=\"auto, (max-width: 768px) 100vw, 768px\" \/><figcaption class=\"wp-element-caption\">Alexandre Omont, directeur du R\u00e9seau de l&rsquo;Arc, estime que le syst\u00e8me de sant\u00e9 suisse se trouve dans une impasse. (cr\u00e9dit photo: DR)<\/figcaption><\/figure>\n<\/div>\n\n\n<h2 class=\"wp-block-heading\">Le syst\u00e8me de sant\u00e9 suisse est-il donc arriv\u00e9 \u00e0 saturation?<\/h2>\n\n\n\n<p>Il se trouve dans une impasse. Des incitations inadapt\u00e9es \u00e0 la qualit\u00e9 des soins et une mauvaise coordination entre les diff\u00e9rents acteurs de la sant\u00e9 contribuent \u00e0 la hausse des co\u00fbts. Les diff\u00e9rents acteurs de la sant\u00e9 doivent aujourd\u2019hui travailler \u00e0 une approche int\u00e9gr\u00e9e et collaborative, afin de garantir une prise en charge optimale des patient\u2219e\u2219s.<\/p>\n\n\n<h2 class=\"highlight\">\nLe but est de favoriser les traitements efficaces et \u00e9conomiques en encourageant la pr\u00e9vention et la promotion de la sant\u00e9.\u00a0<\/h2>\n\n\n<h2 class=\"wp-block-heading\"><br>Comment fonctionne ce nouveau syst\u00e8me?<\/h2>\n\n\n\n<p>Nous avons cr\u00e9\u00e9 notre propre plan de sant\u00e9 VIVA, un produit alternatif d\u2019assurance de base de type HMO avec un\u2219e m\u00e9decin et navigateur\u2219trice de sant\u00e9 (m\u00e9decin de famille) au c\u0153ur du dispositif. Elle\u2219il est \u00e9paul\u00e9 par une \u00e9quipe de gestionnaires de sant\u00e9, qui va l\u2019aider \u00e0 suivre, personnaliser et guider nos membres \u00e0 travers leurs parcours de soins et de pr\u00e9vention. Ce bin\u00f4me va ensuite s\u2019appuyer sur les sp\u00e9cialistes du R\u00e9seau de l\u2019Arc.<\/p>\n\n\n\n<p>L\u2019int\u00e9gration de Visana et du Canton de Berne comme actionnaires du R\u00e9seau de l\u2019Arc permet de mettre en place une m\u00e9canique de r\u00e9mun\u00e9ration bas\u00e9e sur l\u2019efficience et la qualit\u00e9 de nos prestations de sant\u00e9, et non plus sur la quantit\u00e9. Tous les acteurs\u2219trices du syst\u00e8me travaillent ainsi dans l\u2019int\u00e9r\u00eat de chaque patient\u2219e, puisqu\u2019elles et ils sont \u00e9conomiquement li\u00e9\u2219e\u2219s l\u2019un\u2219e \u00e0 l\u2019autre.<\/p>\n\n\n\n<h2 class=\"wp-block-heading\">Pourquoi avoir choisi Visana comme partenaire?<\/h2>\n\n\n\n<p>Visana est un acteur important et reconnu dans le domaine de l\u2019assurance maladie, qui a compris l\u2019impasse dans laquelle se trouve le syst\u00e8me actuel. Nous avons trouv\u00e9 un partenaire id\u00e9al et courageux pour proposer ce mod\u00e8le unique en Suisse.<\/p>\n\n\n\n<h2 class=\"wp-block-heading\">Quel est l\u2019int\u00e9r\u00eat d\u2019un mod\u00e8le de soins int\u00e9gr\u00e9s pour le syst\u00e8me de sant\u00e9?<\/h2>\n\n\n\n<p>Corriger les incitatifs du mod\u00e8le actuel est la seule issue pour permettre une maitrise des co\u00fbts de la sant\u00e9. Les acteurs\u2219trices doivent \u00eatre align\u00e9s sur un seul objectif: maintenir leurs membres en bonne sant\u00e9.<\/p>\n\n\n<h2 class=\"highlight\">\nEn r\u00e9mun\u00e9rant la sant\u00e9 plut\u00f4t que la maladie, notre organisation fait le pari qu\u2019\u00e0 terme, la population qui fera le choix de VIVA sera en meilleure sant\u00e9. Les co\u00fbts pourront ainsi diminuer et faire baisser enfin les primes-maladies.<\/h2>\n\n\n<h2 class=\"wp-block-heading\">Pourquoi lancer ce mod\u00e8le dans l\u2019Arc jurassien?<\/h2>\n\n\n\n<p>Le R\u00e9seau de l\u2019Arc dispose d\u2019un r\u00e9seau dense de prestation m\u00e9dicale d\u00e9ploy\u00e9e dans tout l\u2019Arc jurassien, compos\u00e9e de m\u00e9decine de premier recours, d\u2019\u00e9tablissements somatiques aigus et psychiatriques de premier ordre. C\u2019est aussi le berceau d\u2019un grand nombre d\u2019innovations dans d\u2019autres domaines tels que l\u2019horlogerie. C\u2019est donc une terre propice au d\u00e9ploiement d\u2019une telle proposition, \u00e0 partir du 1<sup>er<\/sup> janvier 2024.<\/p>\n\n\n<p class=\"text_small\">Photo de titre: H\u00f4pital du Jura bernois, site de Saint-Imier (DR).<\/p>","protected":false},"excerpt":{"rendered":"<p>Qu\u2019est-ce que l\u2019organisation de soins int\u00e9gr\u00e9s du R\u00e9seau de l\u2019Arc? Le R\u00e9seau de l\u2019Arc, initiative de Swiss Medical Network, du canton de Berne et de Visana, vise \u00e0 am\u00e9liorer la qualit\u00e9 et la coordination des soins de sant\u00e9 dans la r\u00e9gion de l\u2019Arc Jurassien. Dans une organisation de soins int\u00e9gr\u00e9s, les diff\u00e9rents acteurs du syst\u00e8me [&hellip;]<\/p>\n","protected":false},"author":8,"featured_media":37658,"comment_status":"closed","ping_status":"closed","sticky":false,"template":"","format":"standard","meta":{"_acf_changed":false,"footnotes":""},"categories":[16],"custom_tag":[75,81],"class_list":["post-37653","post","type-post","status-publish","format-standard","has-post-thumbnail","hentry","category-non-classifiee","custom_tag-politique-fr","custom_tag-prestations-fr"],"acf":[],"_links":{"self":[{"href":"https:\/\/competence.ch\/fr\/wp-json\/wp\/v2\/posts\/37653","targetHints":{"allow":["GET"]}}],"collection":[{"href":"https:\/\/competence.ch\/fr\/wp-json\/wp\/v2\/posts"}],"about":[{"href":"https:\/\/competence.ch\/fr\/wp-json\/wp\/v2\/types\/post"}],"author":[{"embeddable":true,"href":"https:\/\/competence.ch\/fr\/wp-json\/wp\/v2\/users\/8"}],"replies":[{"embeddable":true,"href":"https:\/\/competence.ch\/fr\/wp-json\/wp\/v2\/comments?post=37653"}],"version-history":[{"count":0,"href":"https:\/\/competence.ch\/fr\/wp-json\/wp\/v2\/posts\/37653\/revisions"}],"wp:featuredmedia":[{"embeddable":true,"href":"https:\/\/competence.ch\/fr\/wp-json\/wp\/v2\/media\/37658"}],"wp:attachment":[{"href":"https:\/\/competence.ch\/fr\/wp-json\/wp\/v2\/media?parent=37653"}],"wp:term":[{"taxonomy":"category","embeddable":true,"href":"https:\/\/competence.ch\/fr\/wp-json\/wp\/v2\/categories?post=37653"},{"taxonomy":"custom_tag","embeddable":true,"href":"https:\/\/competence.ch\/fr\/wp-json\/wp\/v2\/custom_tag?post=37653"}],"curies":[{"name":"wp","href":"https:\/\/api.w.org\/{rel}","templated":true}]}}