{"id":13807,"date":"2022-06-17T10:00:00","date_gmt":"2022-06-17T08:00:00","guid":{"rendered":"https:\/\/competence.ch\/?p=13807"},"modified":"2022-06-22T10:17:45","modified_gmt":"2022-06-22T08:17:45","slug":"560-millions-pour-lachat-de-vaccins-anti-covid-en-2023","status":"publish","type":"post","link":"https:\/\/competence.ch\/fr\/560-millions-pour-lachat-de-vaccins-anti-covid-en-2023\/","title":{"rendered":"560 millions pour l&rsquo;achat de vaccins anti-COVID en 2023"},"content":{"rendered":"\n<p>Le cr\u00e9dit d&rsquo;engagement pour acheter des vaccins anti-Covid en 2023 s&rsquo;\u00e9l\u00e8vera \u00e0 560 millions de francs. Le National a refus\u00e9 par 100 voix contre 83 la proposition de la conf\u00e9rence de conciliation. Mais la version du Conseil des Etats, moins ch\u00e8re, sera retenue.<\/p>\n\n\n\n<h2 class=\"wp-block-heading\">7 millions de doses<\/h2>\n\n\n\n<p>Si cette proposition avait \u00e9t\u00e9 accept\u00e9e, le montant aurait \u00e9t\u00e9 le m\u00eame: la conf\u00e9rence de conciliation s&rsquo;\u00e9tait ralli\u00e9e au montant d\u00e9cid\u00e9 par les s\u00e9nateurs, a expliqu\u00e9 Anna Giacometti (PLR\/GR) au nom de la commission. La somme permettra de r\u00e9server la moiti\u00e9 des doses voulues par le Conseil f\u00e9d\u00e9ral, \u00e0 savoir sept millions, 3,5 \u00e0 Moderna et 3,5 \u00e0 Pfizer, a compl\u00e9t\u00e9 sa co-rapporteuse Barbara Gysi (PS\/SG).<\/p>\n\n\n\n<p>En politique financi\u00e8re, il est important d&rsquo;avoir des \u00abbases s\u00e9rieuses\u00bb et d&rsquo;analyser la situation, a argu\u00e9 Pirmin Schwinder (UDC\/SZ). Les contrats 2023 devront \u00eatre ren\u00e9goci\u00e9s, a oppos\u00e9 Sarah Wyss (PS\/BS).<\/p>\n\n\n\n<p>\u00abVous serez responsables si on n&rsquo;a pas le dernier vaccin efficace et si on n&rsquo;a pas assez de doses\u00bb , a-t-elle lanc\u00e9. Et d&rsquo;estimer que \u00abcela co\u00fbtera tr\u00e8s cher\u00bb par rapport \u00e0 la sant\u00e9 de la population. Seuls l&rsquo;UDC et le Centre ne l&rsquo;ont pas entendue.<\/p>\n\n\n\n<p>Les d\u00e9put\u00e9s ont toujours voulu suivre le gouvernement qui avait propos\u00e9 un cr\u00e9dit d&rsquo;engagement de 780 millions de francs. Le Conseil des Etats doit encore se prononcer sur la proposition de conf\u00e9rence de conciliation.<\/p>\n\n\n\n<h2 class=\"wp-block-heading\">Strat\u00e9gie approuv\u00e9e pour 2022<\/h2>\n\n\n\n<p>A l&rsquo;instar des d\u00e9put\u00e9s, les s\u00e9nateurs ont par contre tacitement accept\u00e9 de suivre le gouvernement concernant l&rsquo;achat de vaccins pour 2022. Le Conseil f\u00e9d\u00e9ral demandait initialement un cr\u00e9dit de 314 millions de francs.<\/p>\n\n\n\n<p>Apr\u00e8s la mise au jour du fait que la Conf\u00e9d\u00e9ration aurait sign\u00e9 des contrats pour des montants pas encore avalis\u00e9s par le Parlement, le gouvernement a effectu\u00e9 des recherches et revu ce cr\u00e9dit \u00e0 la baisse, pour un montant de 234,3 millions de francs, a rappel\u00e9 le ministre des finances Ueli Maurer. Apr\u00e8s des discussions, la strat\u00e9gie du gouvernement est mieux comprise aujourd&rsquo;hui, a indiqu\u00e9 Johanna Gapany (PLR\/FR) pour la commission.<\/p>\n\n\n<div class=\"wp-block-buttons is-content-justification-center\">\n<div class=\"wp-block-button is-style-outline\"><a class=\"wp-block-button__link\"\nhref='https:\/\/www.parlament.ch\/fr\/services\/news\/Pages\/2022\/20220616091152228194158159038_bsf051.aspx' target='_blank'>\n<svg width=\"24\" height=\"25\" viewBox=\"0 0 24 25\" fill=\"none\" xmlns=\"http:\/\/www.w3.org\/2000\/svg\">\n<path d=\"M10 13.3213C10.4295 13.8954 10.9774 14.3705 11.6066 14.7143C12.2357 15.058 12.9315 15.2624 13.6467 15.3136C14.3618 15.3649 15.0796 15.2617 15.7513 15.0111C16.4231 14.7605 17.0331 14.3684 17.54 13.8613L20.54 10.8613C21.4508 9.9183 21.9548 8.65529 21.9434 7.34431C21.932 6.03333 21.4061 4.77926 20.4791 3.85222C19.5521 2.92518 18.298 2.39934 16.987 2.38795C15.676 2.37655 14.413 2.88053 13.47 3.79132L11.75 5.50132\" stroke=\"#004D90\" stroke-width=\"2\" stroke-linecap=\"round\" stroke-linejoin=\"round\"\/>\n<path d=\"M14.0002 11.3213C13.5707 10.7471 13.0228 10.2721 12.3936 9.92833C11.7645 9.58457 11.0687 9.38015 10.3535 9.32894C9.63841 9.27772 8.92061 9.3809 8.24885 9.63149C7.5771 9.88207 6.96709 10.2742 6.4602 10.7813L3.4602 13.7813C2.54941 14.7243 2.04544 15.9873 2.05683 17.2983C2.06822 18.6093 2.59407 19.8633 3.52111 20.7904C4.44815 21.7174 5.70221 22.2432 7.01319 22.2546C8.32418 22.266 9.58719 21.7621 10.5302 20.8513L12.2402 19.1413\" stroke=\"#004D90\" stroke-width=\"2\" stroke-linecap=\"round\" stroke-linejoin=\"round\"\/>\n<\/svg>En savoir plus<\/a><\/div>\n<\/div>\n\n<p class=\"text_small\">Photo de titre: Davis Spencer sur Pixabay<\/p>\n\n<p class=\"text_small\"><\/p>","protected":false},"excerpt":{"rendered":"<p>Le cr\u00e9dit d&rsquo;engagement pour acheter des vaccins anti-Covid en 2023 s&rsquo;\u00e9l\u00e8vera \u00e0 560 millions de francs. Le National a refus\u00e9 par 100 voix contre 83 la proposition de la conf\u00e9rence de conciliation. Mais la version du Conseil des Etats, moins ch\u00e8re, sera retenue. 7 millions de doses Si cette proposition avait \u00e9t\u00e9 accept\u00e9e, le montant [&hellip;]<\/p>\n","protected":false},"author":3,"featured_media":13279,"comment_status":"closed","ping_status":"open","sticky":false,"template":"","format":"standard","meta":{"_acf_changed":false,"footnotes":""},"categories":[16],"custom_tag":[75],"class_list":["post-13807","post","type-post","status-publish","format-standard","has-post-thumbnail","hentry","category-non-classifiee","tag-dans-les-hopitaux","tag-management-fr","custom_tag-politique-fr"],"acf":[],"_links":{"self":[{"href":"https:\/\/competence.ch\/fr\/wp-json\/wp\/v2\/posts\/13807","targetHints":{"allow":["GET"]}}],"collection":[{"href":"https:\/\/competence.ch\/fr\/wp-json\/wp\/v2\/posts"}],"about":[{"href":"https:\/\/competence.ch\/fr\/wp-json\/wp\/v2\/types\/post"}],"author":[{"embeddable":true,"href":"https:\/\/competence.ch\/fr\/wp-json\/wp\/v2\/users\/3"}],"replies":[{"embeddable":true,"href":"https:\/\/competence.ch\/fr\/wp-json\/wp\/v2\/comments?post=13807"}],"version-history":[{"count":0,"href":"https:\/\/competence.ch\/fr\/wp-json\/wp\/v2\/posts\/13807\/revisions"}],"wp:featuredmedia":[{"embeddable":true,"href":"https:\/\/competence.ch\/fr\/wp-json\/wp\/v2\/media\/13279"}],"wp:attachment":[{"href":"https:\/\/competence.ch\/fr\/wp-json\/wp\/v2\/media?parent=13807"}],"wp:term":[{"taxonomy":"category","embeddable":true,"href":"https:\/\/competence.ch\/fr\/wp-json\/wp\/v2\/categories?post=13807"},{"taxonomy":"custom_tag","embeddable":true,"href":"https:\/\/competence.ch\/fr\/wp-json\/wp\/v2\/custom_tag?post=13807"}],"curies":[{"name":"wp","href":"https:\/\/api.w.org\/{rel}","templated":true}]}}