{"id":13697,"date":"2022-06-14T12:00:00","date_gmt":"2022-06-14T10:00:00","guid":{"rendered":"https:\/\/competence.ch\/?p=13697"},"modified":"2022-06-22T10:16:40","modified_gmt":"2022-06-22T08:16:40","slug":"trois-nouveaux-centres-interdisciplinaires-en-oncologie","status":"publish","type":"post","link":"https:\/\/competence.ch\/fr\/trois-nouveaux-centres-interdisciplinaires-en-oncologie\/","title":{"rendered":"Trois nouveaux centres interdisciplinaires en oncologie"},"content":{"rendered":"\n<p>Pionnier avec l\u2019ouverture, en 2009, d\u2019un Centre interdisciplinaire d\u2019oncologie (CIO) du sein, puis de la prostate et des tumeurs thoraciques (2015), des sarcomes (2016), des tumeurs gyn\u00e9cologiques (2017) et des tumeurs neuroendocrines (2019), le CHUV pr\u00e9sente trois nouveaux centres d\u00e9di\u00e9s \u00e0 des types sp\u00e9cifiques de cancer : le CIO des tumeurs ORL et cervico-faciales&nbsp;; le CIO des tumeurs foie-pancr\u00e9as&nbsp;; et le CIO du cerveau et de la moelle \u00e9pini\u00e8re. Cette strat\u00e9gie confirme le r\u00f4le du CHUV comme h\u00f4pital sp\u00e9cialis\u00e9 dans la prise en charge globale des traitements du cancer.<\/p>\n\n\n<div class=\"gallery js-flickity\" data-flickity style=\"transform: translateX(0%);\">\n      <div class=\"gallery-cell\"  style=\"height: 400px; width: 100%;\">\n      <div style=\"height: 100%;position: relative;width: 100%;\">\n         <img decoding=\"async\" src=\"https:\/\/competence.ch\/wp-content\/uploads\/2022\/06\/Oncologie-centredusein-Raffoul-Koch_Web.jpg\" alt=\"\" \/>\n                  <figcaption><span class=\"text_meta\" style=\"color: var(--black)\">\n            Photo: CHUV \/ Corinne Sporrer            <\/span>\t\t\t\n         <\/figcaption>\n               <\/div>\n   <\/div>\n      <div class=\"gallery-cell\"  style=\"height: 400px; width: 100%;\">\n      <div style=\"height: 100%;position: relative;width: 100%;\">\n         <img decoding=\"async\" src=\"https:\/\/competence.ch\/wp-content\/uploads\/2022\/06\/Oncologie-centretumeursORL_Web.jpg\" alt=\"\" \/>\n                  <figcaption><span class=\"text_meta\" style=\"color: var(--black)\">\n            Photo: CHUV \/ Heidi Diaz            <\/span>\t\t\t\n         <\/figcaption>\n               <\/div>\n   <\/div>\n      <div class=\"gallery-cell\"  style=\"height: 400px; width: 100%;\">\n      <div style=\"height: 100%;position: relative;width: 100%;\">\n         <img decoding=\"async\" src=\"https:\/\/competence.ch\/wp-content\/uploads\/2022\/06\/Oncologie-centreprostate-Schaefer_Web-1.jpg\" alt=\"\" \/>\n                  <figcaption><span class=\"text_meta\" style=\"color: var(--black)\">\n            Photo: CHUV \/ Corinne Sporrer            <\/span>\t\t\t\n         <\/figcaption>\n               <\/div>\n   <\/div>\n   <\/div>\n\n\n<p class=\"text_small\"><\/p>\n\n<p class=\"text_small\">Le CHUV a d\u00e9velopp\u00e9 une expertise pointue dans la reconstruction mammaire, la technique robotique pour les cancers de la sph\u00e8re ORL et le traitement des cancers m\u00e9tastatiques de la prostate. (Photos: CHUV \/ Corinne Sporrer et Heidi Diaz)<\/p>\n\n\n<h2 class=\"wp-block-heading\">Centre des tumeurs ORL et cervico-faciales<\/h2>\n\n\n\n<p>Le Centre des tumeurs ORL et cervico-faciales est sp\u00e9cialis\u00e9 dans la prise en charge des tumeurs pouvant se situer dans la cavit\u00e9 buccale, le pharynx, le larynx, les glandes salivaires ainsi que la glande thyro\u00efde et parathyro\u00efde. Plac\u00e9 sous la responsabilit\u00e9 m\u00e9dicale du Pr Christian Simon, chef du Service d\u2019ORL et de chirurgie cervico-faciale, le Centre des tumeurs ORL et cervico-faciales se distingue en 2022 par la d\u00e9couverte d\u2019une nouvelle technique de chirurgie \u00e0 l\u2019aide de la plateforme robotique du CHUV. Le Pr Simon et son \u00e9quipe sont en effet parvenus \u00e0 d\u00e9velopper une proc\u00e9dure chirurgicale qui pr\u00e9serve la capacit\u00e9 de parole et de d\u00e9glutition des patients. C\u2019est un centre d\u2019une importance majeure&nbsp;: sur les quelque 1400 cancers des voies respiratoires et de la partie sup\u00e9rieure de l\u2019appareil digestif que l\u2019on compte chaque ann\u00e9e en Suisse, le CHUV traite entre 15 et 20% des cas.<\/p>\n\n\n\n<h2 class=\"wp-block-heading\">Centre des tumeurs foie-pancr\u00e9as<\/h2>\n\n\n\n<p>Plac\u00e9 sous la responsabilit\u00e9 m\u00e9dicale de la Dre Emilie Uldry et du Dr Emmanuel Melloul, privat-docents, tous deux sp\u00e9cialistes de la chirurgie h\u00e9patobiliaire et pancr\u00e9atique, le Centre des tumeurs foie-pancr\u00e9as est sp\u00e9cialis\u00e9 dans la prise en charge des cancers affectant les voies biliaires ainsi que les organes du foie et du pancr\u00e9as. Avec une s\u00e9rie de gestes chirurgicaux reconnus en tant que \u00ab&nbsp;m\u00e9decine hautement sp\u00e9cialis\u00e9e&nbsp;\u00bb (MHS), le centre interdisciplinaire investira la plateforme&nbsp;robotique du CHUV afin d\u2019am\u00e9liorer le soin aux patients. L\u2019exemple du vaccin personnalis\u00e9 contre le cancer du pancr\u00e9as, actuellement sujet d\u2019une \u00e9tude clinique de phase I, illustre aussi le potentiel du centre en traitements interdisciplinaires innovants.<\/p>\n\n\n\n<h2 class=\"wp-block-heading\">Centre des tumeurs du cerveau et de la moelle \u00e9pini\u00e8re<\/h2>\n\n\n\n<p>Le Centre des tumeurs du cerveau et de la moelle \u00e9pini\u00e8re r\u00e9unit depuis un an une \u00e9quipe de sp\u00e9cialistes de renomm\u00e9e internationale plac\u00e9e sous la responsabilit\u00e9 m\u00e9dicale du Dr Andreas Hottinger, privat-docent et m\u00e9decin chef de l\u2019Unit\u00e9 de neuro-oncologie. Le centre traite les tumeurs du cerveau et de la moelle \u00e9pini\u00e8re \u2013 dont les gliomes, les m\u00e9ningiomes, les m\u00e9tastases c\u00e9r\u00e9brales, les tumeurs de la base du cr\u00e2ne ainsi que les tumeurs du cerveau complexes et rares. Pionnier dans le d\u00e9veloppement et le traitement standard du glioblastome \u2013 l\u2019une des tumeurs du cerveau les plus fr\u00e9quentes et les plus agressives \u2013 le CHUV se positionne par la cr\u00e9ation de ce centre d\u00e9di\u00e9 comme un p\u00f4le de r\u00e9f\u00e9rence international dans la prise en charge de patient-e-s atteint-e-s de tumeurs du syst\u00e8me nerveux ainsi que pour la formation post-gradu\u00e9e des m\u00e9decins.<\/p>\n\n\n\n<h2 class=\"wp-block-heading\">Des p\u00f4les d\u2019expertise consolid\u00e9s <\/h2>\n\n\n\n<p>Face \u00e0 l\u2019\u00e9volution rapide des connaissances et des d\u00e9veloppements propres \u00e0 chaque type de traitement, le partage de comp\u00e9tences est devenu indispensable \u00e0 la bonne prise en charge des pathologies oncologiques. Cette interdisciplinarit\u00e9 permet de d\u00e9finir une strat\u00e9gie th\u00e9rapeutique personnalis\u00e9e \u00e0 chaque patient\u00b7e&nbsp;. Con\u00e7us comme des p\u00f4les d\u2019expertise et de soins coordonn\u00e9s, les Centres interdisciplinaires en oncologie du CHUV offrent aux patient\u00b7e\u00b7s une prise en charge adapt\u00e9e \u00e0 chaque type de cancer.<\/p>\n\n\n<div class=\"wp-block-buttons is-content-justification-center\">\n<div class=\"wp-block-button is-style-outline\"><a class=\"wp-block-button__link\"\nhref='https:\/\/www.chuv.ch\/fr\/chuv-home\/espace-pro\/journalistes\/communiques-de-presse' target='_blank'>\n<svg width=\"24\" height=\"25\" viewBox=\"0 0 24 25\" fill=\"none\" xmlns=\"http:\/\/www.w3.org\/2000\/svg\">\n<path d=\"M10 13.3213C10.4295 13.8954 10.9774 14.3705 11.6066 14.7143C12.2357 15.058 12.9315 15.2624 13.6467 15.3136C14.3618 15.3649 15.0796 15.2617 15.7513 15.0111C16.4231 14.7605 17.0331 14.3684 17.54 13.8613L20.54 10.8613C21.4508 9.9183 21.9548 8.65529 21.9434 7.34431C21.932 6.03333 21.4061 4.77926 20.4791 3.85222C19.5521 2.92518 18.298 2.39934 16.987 2.38795C15.676 2.37655 14.413 2.88053 13.47 3.79132L11.75 5.50132\" stroke=\"#004D90\" stroke-width=\"2\" stroke-linecap=\"round\" stroke-linejoin=\"round\"\/>\n<path d=\"M14.0002 11.3213C13.5707 10.7471 13.0228 10.2721 12.3936 9.92833C11.7645 9.58457 11.0687 9.38015 10.3535 9.32894C9.63841 9.27772 8.92061 9.3809 8.24885 9.63149C7.5771 9.88207 6.96709 10.2742 6.4602 10.7813L3.4602 13.7813C2.54941 14.7243 2.04544 15.9873 2.05683 17.2983C2.06822 18.6093 2.59407 19.8633 3.52111 20.7904C4.44815 21.7174 5.70221 22.2432 7.01319 22.2546C8.32418 22.266 9.58719 21.7621 10.5302 20.8513L12.2402 19.1413\" stroke=\"#004D90\" stroke-width=\"2\" stroke-linecap=\"round\" stroke-linejoin=\"round\"\/>\n<\/svg>Actualit\u00e9s du CHUV<\/a><\/div>\n<\/div>\n\n<p class=\"text_small\">Photo de titre: CHUV \/ Gilles Weber<\/p>","protected":false},"excerpt":{"rendered":"<p>Pionnier avec l\u2019ouverture, en 2009, d\u2019un Centre interdisciplinaire d\u2019oncologie (CIO) du sein, puis de la prostate et des tumeurs thoraciques (2015), des sarcomes (2016), des tumeurs gyn\u00e9cologiques (2017) et des tumeurs neuroendocrines (2019), le CHUV pr\u00e9sente trois nouveaux centres d\u00e9di\u00e9s \u00e0 des types sp\u00e9cifiques de cancer : le CIO des tumeurs ORL et cervico-faciales&nbsp;; le [&hellip;]<\/p>\n","protected":false},"author":3,"featured_media":13706,"comment_status":"closed","ping_status":"open","sticky":false,"template":"","format":"standard","meta":{"_acf_changed":false,"footnotes":""},"categories":[16],"custom_tag":[73,81],"class_list":["post-13697","post","type-post","status-publish","format-standard","has-post-thumbnail","hentry","category-non-classifiee","tag-dans-les-hopitaux","tag-management-fr","custom_tag-dans-les-hopitaux-fr","custom_tag-prestations-fr"],"acf":[],"_links":{"self":[{"href":"https:\/\/competence.ch\/fr\/wp-json\/wp\/v2\/posts\/13697","targetHints":{"allow":["GET"]}}],"collection":[{"href":"https:\/\/competence.ch\/fr\/wp-json\/wp\/v2\/posts"}],"about":[{"href":"https:\/\/competence.ch\/fr\/wp-json\/wp\/v2\/types\/post"}],"author":[{"embeddable":true,"href":"https:\/\/competence.ch\/fr\/wp-json\/wp\/v2\/users\/3"}],"replies":[{"embeddable":true,"href":"https:\/\/competence.ch\/fr\/wp-json\/wp\/v2\/comments?post=13697"}],"version-history":[{"count":0,"href":"https:\/\/competence.ch\/fr\/wp-json\/wp\/v2\/posts\/13697\/revisions"}],"wp:featuredmedia":[{"embeddable":true,"href":"https:\/\/competence.ch\/fr\/wp-json\/wp\/v2\/media\/13706"}],"wp:attachment":[{"href":"https:\/\/competence.ch\/fr\/wp-json\/wp\/v2\/media?parent=13697"}],"wp:term":[{"taxonomy":"category","embeddable":true,"href":"https:\/\/competence.ch\/fr\/wp-json\/wp\/v2\/categories?post=13697"},{"taxonomy":"custom_tag","embeddable":true,"href":"https:\/\/competence.ch\/fr\/wp-json\/wp\/v2\/custom_tag?post=13697"}],"curies":[{"name":"wp","href":"https:\/\/api.w.org\/{rel}","templated":true}]}}