{"id":12437,"date":"2022-06-14T11:17:45","date_gmt":"2022-06-14T09:17:45","guid":{"rendered":"https:\/\/competence.ch\/?p=12437"},"modified":"2022-06-07T17:28:44","modified_gmt":"2022-06-07T15:28:44","slug":"la-sante-durable-necessite-de-nouvelles-competences","status":"publish","type":"post","link":"https:\/\/competence.ch\/fr\/la-sante-durable-necessite-de-nouvelles-competences\/","title":{"rendered":"La sant\u00e9 durable n\u00e9cessite de nouvelles comp\u00e9tences"},"content":{"rendered":"\n<p>Notre sant\u00e9, c\u2019est aussi notre environnement. Bien que cela semble \u00e9vident, il faut parfois le rappeler: quelle sant\u00e9 esp\u00e9rer en respirant un air pollu\u00e9, ou en consommant une eau contamin\u00e9e de produits chimiques de synth\u00e8se? Tel a \u00e9t\u00e9 le premier constat fait \u00e0 la conf\u00e9rence de lancement d\u2019une <a href=\"https:\/\/www.ecolelasource.ch\/module-sante-environnementale\" data-type=\"URL\" data-id=\"https:\/\/www.ecolelasource.ch\/module-sante-environnementale\">formation continue en sant\u00e9 environnementale<\/a> \u00e0 l\u2019Institut et Haute Ecole de la Sant\u00e9 La Source.<\/p>\n\n\n\n<h2 class=\"wp-block-heading\">Cerner les impacts sur la sant\u00e9<\/h2>\n\n\n\n<p>Les cons\u00e9quences de la d\u00e9gradation de notre environnement sur la sant\u00e9 sont alarmantes: un d\u00e9c\u00e8s sur cinq est li\u00e9 \u00e0 la pollution de l\u2019air dans le monde et les listes de pathologies li\u00e9es aux pesticides s\u2019allongent chaque ann\u00e9e<sup>1<\/sup>. L\u2019exposition \u00e0 nos nombreux produits de synth\u00e8se causent troubles du d\u00e9veloppement, neurologiques et du syst\u00e8me reproducteur. Il devient n\u00e9cessaire pour les professionnel\u00b7le\u00b7s de la sant\u00e9 de bien cerner les impacts sur la sant\u00e9 de la contamination et de la d\u00e9t\u00e9rioration de notre environnement.<\/p>\n\n\n\n<h2 class=\"wp-block-heading\">Nouvelles pathologies<\/h2>\n\n\n\n<p>Malheureusement, le constat ne s\u2019arr\u00eate pas l\u00e0. Avec le changement climatique, la situation devrait encore se p\u00e9jorer. En plus des \u00e9v\u00e9nements climatiques extr\u00eames ayant un impact direct notre sant\u00e9, il s\u2019accompagne en effet d\u2019une augmentation des maladies chroniques, de l\u2019apparition de nouveaux pathog\u00e8nes et d\u2019une augmentation des troubles de sant\u00e9 mentale. Sommes-nous pr\u00eats \u00e0 prendre en charge ces nouvelles pathologies?<\/p>\n\n\n<h2 class=\"highlight\">\nLes professionnel\u00b7le\u00b7s de la sant\u00e9 ont un r\u00f4le d\u00e9terminant \u00e0 jouer face aux nouveaux enjeux de la sant\u00e9 environnementale.<\/h2>\n\n\n<h2 class=\"wp-block-heading\"><br>L\u2019impact de la pratique des soins<\/h2>\n\n\n\n<p>Notre environnement impacte notre sant\u00e9 et, \u00e0 l\u2019inverse, la pratique des soins impacte notre environnement. En effet, la sant\u00e9 contribue de mani\u00e8re cons\u00e9quente \u00e0 la p\u00e9joration de la qualit\u00e9 de notre environnement \u00e0 travers la production de d\u00e9chets solides (par exemple le mat\u00e9riel jetable), liquides (m\u00e9dicaments dans les eaux us\u00e9es) et gazeux (ensemble des productions de CO2, desflurane et protoxyde d\u2019azote d\u2019un centre hospitalier). Les professionnel\u00b7le\u00b7s de la sant\u00e9 sont-ils pr\u00eats \u00e0 adapter leur pratique pour r\u00e9duire ces atteintes ou \u00e0 agir aupr\u00e8s des institutions pour qu\u2019elles limitent leurs impacts? La r\u00e9ponse \u00e0 cette question est complexe.<\/p>\n\n\n\n<p>Ce qui est certain, c\u2019est que les professionnel\u00b7le\u00b7s de la sant\u00e9 ont un r\u00f4le d\u00e9terminant \u00e0 jouer face aux nouveaux enjeux de la sant\u00e9 environnementale. Par l\u2019\u00e9ducation et l\u2019accompagnement des populations, mais aussi par le d\u00e9veloppement de pratiques innovantes. L\u2019analyse critique, la d\u00e9tection et l\u2019\u00e9valuation des risques d\u2019exposition, l\u2019\u00e9ducation th\u00e9rapeutique, la communication, la promotion de la sant\u00e9 et la pr\u00e9vention de la maladie sont des comp\u00e9tences qui s\u2019acqui\u00e8rent et permettent d\u2019innover dans les pratiques.<\/p>\n\n\n\n<h2 class=\"wp-block-heading\">Devenir acteur de la sant\u00e9 environnementale<\/h2>\n\n\n\n<p>Une approche plus globale de la sant\u00e9 devient une urgence, comme en t\u00e9moignent les nombreuses alertes de la communaut\u00e9 scientifique et les chiffres alarmants de la sant\u00e9 plan\u00e9taire. Citons ici la r\u00e9sistance aux antibiotiques, qui, en provoquant au moins 1,27 millions de d\u00e9c\u00e8s par an, d\u00e9passe d\u00e9sormais les chiffres du sida et de la malaria. Conna\u00eetre et comprendre les diff\u00e9rentes dimensions et les enjeux de la sant\u00e9 environnementale sont devenus des \u00e9vidences pour les professionnel\u00b7le\u00b7s et tout le syst\u00e8me de sant\u00e9.<\/p>\n\n\n\n<p>Comment renforcer son r\u00f4le en promotion et pr\u00e9vention de la sant\u00e9? Sommes-nous pr\u00eats au changement climatique? Comment r\u00e9duire l\u2019impact de la sant\u00e9? Quelles sont les comp\u00e9tences n\u00e9cessaires? Voici les aspects qui seront abord\u00e9s durant la nouvelle formation de la Haute Ecole de la Sant\u00e9 La Source. Commenc\u00e9e en mai dernier, elle traitera des expositions environnementales, du changement climatique, de ses effets sur la sant\u00e9 et les syst\u00e8mes de sant\u00e9, de la durabilit\u00e9 dans les soins et la sant\u00e9.<br>Elle fera appel \u00e0 des experts (politique de sant\u00e9, qualit\u00e9 de l\u2019air int\u00e9rieur ou \u00e9co-anxi\u00e9t\u00e9) et pr\u00e9sentera des projets r\u00e9alis\u00e9s en sant\u00e9 environnementale dans les institutions.<\/p>\n\n\n<div class=\"footnotes\">\n<\/div>\n\n<div class=\"footnotes\">\n<p class=\"fussnote\"><span class=\"nummer\">1<\/span><span>Les r\u00e9f\u00e9rences bibliographiques sont disponibles apr\u00e8s de l\u2019auteure<\/span><\/p>\n<\/div>\n\n\n<p><br><\/p>\n\n\n<p class=\"text_small\">Photo de titre : Anna Shvets sur Pexels<\/p>","protected":false},"excerpt":{"rendered":"<p>Notre sant\u00e9, c\u2019est aussi notre environnement. Bien que cela semble \u00e9vident, il faut parfois le rappeler: quelle sant\u00e9 esp\u00e9rer en respirant un air pollu\u00e9, ou en consommant une eau contamin\u00e9e de produits chimiques de synth\u00e8se? Tel a \u00e9t\u00e9 le premier constat fait \u00e0 la conf\u00e9rence de lancement d\u2019une formation continue en sant\u00e9 environnementale \u00e0 l\u2019Institut [&hellip;]<\/p>\n","protected":false},"author":3,"featured_media":12440,"comment_status":"closed","ping_status":"open","sticky":false,"template":"","format":"standard","meta":{"_acf_changed":false,"footnotes":""},"categories":[16],"custom_tag":[80,79],"class_list":["post-12437","post","type-post","status-publish","format-standard","has-post-thumbnail","hentry","category-non-classifiee","tag-dans-les-hopitaux","tag-management-fr","custom_tag-formations-fr","custom_tag-professions-fr"],"acf":[],"_links":{"self":[{"href":"https:\/\/competence.ch\/fr\/wp-json\/wp\/v2\/posts\/12437","targetHints":{"allow":["GET"]}}],"collection":[{"href":"https:\/\/competence.ch\/fr\/wp-json\/wp\/v2\/posts"}],"about":[{"href":"https:\/\/competence.ch\/fr\/wp-json\/wp\/v2\/types\/post"}],"author":[{"embeddable":true,"href":"https:\/\/competence.ch\/fr\/wp-json\/wp\/v2\/users\/3"}],"replies":[{"embeddable":true,"href":"https:\/\/competence.ch\/fr\/wp-json\/wp\/v2\/comments?post=12437"}],"version-history":[{"count":0,"href":"https:\/\/competence.ch\/fr\/wp-json\/wp\/v2\/posts\/12437\/revisions"}],"wp:featuredmedia":[{"embeddable":true,"href":"https:\/\/competence.ch\/fr\/wp-json\/wp\/v2\/media\/12440"}],"wp:attachment":[{"href":"https:\/\/competence.ch\/fr\/wp-json\/wp\/v2\/media?parent=12437"}],"wp:term":[{"taxonomy":"category","embeddable":true,"href":"https:\/\/competence.ch\/fr\/wp-json\/wp\/v2\/categories?post=12437"},{"taxonomy":"custom_tag","embeddable":true,"href":"https:\/\/competence.ch\/fr\/wp-json\/wp\/v2\/custom_tag?post=12437"}],"curies":[{"name":"wp","href":"https:\/\/api.w.org\/{rel}","templated":true}]}}